{"id":16711,"date":"2018-09-21T11:50:00","date_gmt":"2018-09-21T11:50:00","guid":{"rendered":"https:\/\/875jahrekirchgoens.de\/?p=16711"},"modified":"2025-11-09T11:50:59","modified_gmt":"2025-11-09T11:50:59","slug":"kinderrechte-bewusster-umsetzen","status":"publish","type":"post","link":"http:\/\/875jahrekirchgoens.de\/?p=16711","title":{"rendered":"Kinderrechte bewusster umsetzen"},"content":{"rendered":"\n<p><em>Schulkultur G\u00f6nser Grundschule geh\u00f6rt zum Modell-Netzwerk f\u00fcr Menschenrechte f\u00fcr Kinder<\/em><\/p>\n\n\n\n<p>Auf besondere Weise beginnen die Sch\u00fcler der G\u00f6nser Grundschule gestern den Weltkindertag. Die frischgebackenen \u201eKinderrechte- und Demokratieschule\u201c hatte Landtagspr\u00e4sident Norbert Kartmann und die Dezernentin des Schulamts Friedberg, Beate Rebstock zu Gast. Um die Idee der Kinderrechte in die Welt hinauszutragen, hatte sie Luftballons mitgebracht, die jeweils mit einer Karte mit einem Kinderrecht versehen waren. Die Sch\u00fcler lie\u00dfen sie dann aufsteigen. Die Menschenrechte f\u00fcr Kinder zur Grundlage der Schulkultur zu machen, nimmt sich die G\u00f6nser Grundschule als eine von zehn Schulen in Hessen ab diesem Schuljahr vor, wie Schulleiterin Anette Schliebener ausf\u00fchrte. Alle Sch\u00fcler lernen die Kinderrechte kennen und handeln danach, sei es im Unterricht, in Projekten oder allgemein im Miteinander. Daf\u00fcr werden die Lehrer eigens qualifiziert, die Schulen erhalten Material und im Netzwerk ist ein Gedankenaustausch vorgesehen. Das Modellschul-Netzwerk, dem 20 weitere Schulen schon l\u00e4nger angeh\u00f6ren, steht unter Schirmherrschaft des Kultusministers. F\u00fcr die dritten und vierten Klassen gab es zun\u00e4chst eine \u201epolitische Stunde\u201c, in der sie dem Landtagspr\u00e4sidenten Fragen stellen konnten. Kartmann freute sich dar\u00fcber. \u201eDie Kinder waren hervorragend auf das Thema eingestellt und formulierten klar und deutlich ihre Fragen. Sie haben ein hohes Bewusstsein f\u00fcr das Thema Kinderrechte\u201c, bescheinigte der ihnen. Eine Sch\u00fclerin und Sch\u00fcler fanden es toll, dass der Landtagspr\u00e4sident da war. Zwar sei die Antwort auf die Frage, was man machen muss, um in dieses Amt zu kommen, f\u00fcr sie etwas schwierig gewesen, aber alle sei etwas schwierig gewesen, aber alles sei sehr spannend gewesen. \u201eEs hat auch viel Spa\u00df gemacht, er hat auch Witzchen gemacht\u201c, fanden die Kinder gut. H\u00e4ngegeblieben ist unter anderem die Aussage: Wenn die Kinderrechte nicht eingehalten werden, dann sollen wir uns an jemand wenden, dem wir vertrauen\u201c. Das Poesiealbum ihrer Mutter hatte eine Sch\u00fclerin mitgebracht. Denn darin hatte sich Kartmanns Vater Samuel, einst Klassenlehrer der Mutter eingetragen. \u201eIch habe mich sehr gefreut, dass er sich die Zeit genommen und das gelesen hat\u201c, sagte das M\u00e4dchen. Der Baum auf dem Schulhof, den Kartmann zur Einweihung spendete, wurde zum Kinderrechte-Baum, in dem bunte Schilder mit den verschiedenen Rechten angeh\u00e4ngt wurden, nachdem Sch\u00fcler sie vorgelesen hatten, etwa das Recht auf Leben, auf Schutz vor Krieg, auf elterliche F\u00fcrsorge, auf Schutz vor Misshandlungen, auf Meinungsfreiheit oder auch auf Spiel und Freizeit. Dazu war im Foyer der Schule auch eine Spielecke eingerichtet mit Bausteinen und Tischspielen. In einer Ausstellung hatten sich die Sch\u00fcler ebenfalls mit dem Thema besch\u00e4ftigt. Auf den mit gemalten Bildern best\u00fcckten Stellw\u00e4nden zeigten sie passend zum Recht auf Bildung unter anderem, was sie gerne einmal beruflich machen m\u00f6chten.<\/p>\n\n\n\n<figure class=\"wp-block-image size-full\"><img loading=\"lazy\" decoding=\"async\" width=\"512\" height=\"360\" src=\"https:\/\/875jahrekirchgoens.de\/wp-content\/uploads\/2025\/11\/grafik-40.png\" alt=\"\" class=\"wp-image-16712\" srcset=\"http:\/\/875jahrekirchgoens.de\/wp-content\/uploads\/2025\/11\/grafik-40.png 512w, http:\/\/875jahrekirchgoens.de\/wp-content\/uploads\/2025\/11\/grafik-40-300x211.png 300w\" sizes=\"auto, (max-width: 512px) 100vw, 512px\" \/><\/figure>\n\n\n\n<p>Auf einer Stellwand mit vielen kleinen Koffern besch\u00e4ftigten sie sich mit der Frage: Wenn ich fl\u00fcchten m\u00fcsste, welche eine Sache w\u00fcrde ich mitnehmen? Der Vorsitzende des F\u00f6rdervereins Stephan Steiner, \u00fcberreichte f\u00fcr jede Klasse eine Informationsbox zum Sammeln und Aufbewahren der zuk\u00fcnftigen Materialien. Sie enthielten bereits je ein Buch zum Thema und dazu eine kleine Brosch\u00fcre f\u00fcr jedes Kind. Gro\u00dfer Abschluss war das gemeinsam auf dem Schulhof angestimmte \u201eKinderrechte-Lied\u201c. Als Bonus f\u00fcr die Kinder verl\u00e4ngerte die Schulleiterin die gro\u00dfe Pause um zehn Minuten.<\/p>\n\n\n\n<figure class=\"wp-block-image size-large\"><img loading=\"lazy\" decoding=\"async\" width=\"1024\" height=\"350\" src=\"https:\/\/875jahrekirchgoens.de\/wp-content\/uploads\/2025\/11\/grafik-41-1024x350.png\" alt=\"\" class=\"wp-image-16713\" srcset=\"http:\/\/875jahrekirchgoens.de\/wp-content\/uploads\/2025\/11\/grafik-41-1024x350.png 1024w, http:\/\/875jahrekirchgoens.de\/wp-content\/uploads\/2025\/11\/grafik-41-300x103.png 300w, http:\/\/875jahrekirchgoens.de\/wp-content\/uploads\/2025\/11\/grafik-41-768x263.png 768w, http:\/\/875jahrekirchgoens.de\/wp-content\/uploads\/2025\/11\/grafik-41.png 1046w\" sizes=\"auto, (max-width: 1024px) 100vw, 1024px\" \/><\/figure>\n\n\n\n<p>Zum gestrigen Weltkindertag sangen die Sch\u00fcler der G\u00f6nser Grundschule auf dem Schulhof das passende Lied \u00fcber Kinderrechte. \u00dcber diese Rechte informiert auch eine Ausstellung im Foyer der Schule, unter anderem \u00fcber das Recht auf Bildung mit einer Zusammenstellung, was die Kinder einmal werden m\u00f6chten.<\/p>\n\n\n\n<p>Quelle und Bilder: Butzbacher Zeitung vom 21. September 2018<\/p>\n","protected":false},"excerpt":{"rendered":"<p>Schulkultur G\u00f6nser Grundschule geh\u00f6rt zum Modell-Netzwerk f\u00fcr Menschenrechte f\u00fcr Kinder Auf besondere Weise beginnen die Sch\u00fcler der G\u00f6nser Grundschule gestern den Weltkindertag. Die frischgebackenen \u201eKinderrechte- und Demokratieschule\u201c hatte Landtagspr\u00e4sident Norbert Kartmann und die Dezernentin des Schulamts Friedberg, Beate Rebstock zu Gast. Um die Idee der Kinderrechte in die Welt hinauszutragen, hatte sie Luftballons mitgebracht, die &#8230; <a title=\"Kinderrechte bewusster umsetzen\" class=\"read-more\" href=\"http:\/\/875jahrekirchgoens.de\/?p=16711\" aria-label=\"Mehr Informationen \u00fcber Kinderrechte bewusster umsetzen\">Weiterlesen<\/a><\/p>\n","protected":false},"author":1,"featured_media":0,"comment_status":"closed","ping_status":"open","sticky":false,"template":"","format":"standard","meta":{"footnotes":""},"categories":[1],"tags":[],"class_list":["post-16711","post","type-post","status-publish","format-standard","hentry","category-infos"],"_links":{"self":[{"href":"http:\/\/875jahrekirchgoens.de\/index.php?rest_route=\/wp\/v2\/posts\/16711","targetHints":{"allow":["GET"]}}],"collection":[{"href":"http:\/\/875jahrekirchgoens.de\/index.php?rest_route=\/wp\/v2\/posts"}],"about":[{"href":"http:\/\/875jahrekirchgoens.de\/index.php?rest_route=\/wp\/v2\/types\/post"}],"author":[{"embeddable":true,"href":"http:\/\/875jahrekirchgoens.de\/index.php?rest_route=\/wp\/v2\/users\/1"}],"replies":[{"embeddable":true,"href":"http:\/\/875jahrekirchgoens.de\/index.php?rest_route=%2Fwp%2Fv2%2Fcomments&post=16711"}],"version-history":[{"count":1,"href":"http:\/\/875jahrekirchgoens.de\/index.php?rest_route=\/wp\/v2\/posts\/16711\/revisions"}],"predecessor-version":[{"id":16714,"href":"http:\/\/875jahrekirchgoens.de\/index.php?rest_route=\/wp\/v2\/posts\/16711\/revisions\/16714"}],"wp:attachment":[{"href":"http:\/\/875jahrekirchgoens.de\/index.php?rest_route=%2Fwp%2Fv2%2Fmedia&parent=16711"}],"wp:term":[{"taxonomy":"category","embeddable":true,"href":"http:\/\/875jahrekirchgoens.de\/index.php?rest_route=%2Fwp%2Fv2%2Fcategories&post=16711"},{"taxonomy":"post_tag","embeddable":true,"href":"http:\/\/875jahrekirchgoens.de\/index.php?rest_route=%2Fwp%2Fv2%2Ftags&post=16711"}],"curies":[{"name":"wp","href":"https:\/\/api.w.org\/{rel}","templated":true}]}}