{"id":16720,"date":"2018-10-26T12:02:00","date_gmt":"2018-10-26T12:02:00","guid":{"rendered":"https:\/\/875jahrekirchgoens.de\/?p=16720"},"modified":"2025-11-09T12:04:23","modified_gmt":"2025-11-09T12:04:23","slug":"die-wuerdentraeger-des-vorjahres-siegten-erneut","status":"publish","type":"post","link":"http:\/\/875jahrekirchgoens.de\/?p=16720","title":{"rendered":"Die W\u00fcrdentr\u00e4ger des Vorjahres siegten erneut"},"content":{"rendered":"\n<p>Erstmals in der Vereinsgeschichte eroberten die vorj\u00e4hrigen W\u00fcrdentr\u00e4ger beim Kirch-G\u00f6nser K\u00f6nigsschie\u00dfen erneut die begehrte Troph\u00e4e. Nach einem langen und spannenden Schie\u00dfabend und nach 191 abgegebenen Sch\u00fcssen fiel um 23.20 Uhr die Entscheidung. Julia M\u00fcller (j\u00fcngste amtierende K\u00f6nigin im Verein) und Mirco Pierdomenico (K\u00f6nig) holten sich erneut und zum zweiten Mal in Folge die begehrten Titel. Das ist in den letzten 55 Jahren der Vereinsgeschichte nicht vorgekommen, erkl\u00e4rte 1. Vorsitzender Gunther M\u00fcller bei der anschlie\u00dfenden Proklamation. Er war in diesem Jahr ein Wettkampf der Treffsicheren, kaum ein Schuss ging daneben. Vervollst\u00e4ndigt wird der Sch\u00fctzenadel durch Hagen Heinz (1. Ritter), Rolf Hillefeld (2. Ritter) und Ute M\u00f6ckel (Hofdame). Spannend war auch die Entscheidung um den Rudi-Stecher-Pokal f\u00fcr den besten Schuss beim K\u00f6nigsschie\u00dfen. Diesen sicherte sich souver\u00e4n die K\u00f6nigin Julia M\u00fcller vor dem K\u00f6nig Mirco Pierdomenico. Nach dem spannungsvollen Schie\u00dfen und Proklamation der W\u00fcrdentr\u00e4ger wurden die Geehrten von den \u201eSch\u00fctzen-Untertanen\u201c noch geb\u00fchrend gefeiert. Das \u201edreimalige Gut Schuss\u201c auf die Sieger erklang fortan an diesem Abend. Und so dauerte die anschlie\u00dfende Feier bei bester Stimmung bis in die sp\u00e4te Nacht.<\/p>\n\n\n\n<figure class=\"wp-block-image size-large\"><img loading=\"lazy\" decoding=\"async\" width=\"1024\" height=\"603\" src=\"https:\/\/875jahrekirchgoens.de\/wp-content\/uploads\/2025\/11\/grafik-43-1024x603.png\" alt=\"\" class=\"wp-image-16721\" srcset=\"http:\/\/875jahrekirchgoens.de\/wp-content\/uploads\/2025\/11\/grafik-43-1024x603.png 1024w, http:\/\/875jahrekirchgoens.de\/wp-content\/uploads\/2025\/11\/grafik-43-300x177.png 300w, http:\/\/875jahrekirchgoens.de\/wp-content\/uploads\/2025\/11\/grafik-43-768x452.png 768w, http:\/\/875jahrekirchgoens.de\/wp-content\/uploads\/2025\/11\/grafik-43.png 1045w\" sizes=\"auto, (max-width: 1024px) 100vw, 1024px\" \/><\/figure>\n\n\n\n<p>Die K\u00f6nigsfamilie 2018 im Sch\u00fctzenverein Kirch-G\u00f6ns: (v. l.), Hofdame Ute M\u00f6ckel, Sch\u00fctzenk\u00f6nig Mirco Pierdomenico, Sch\u00fctzenk\u00f6nigin Julia M\u00fcller, 1. Ritter Hagen Heinz und 2. Ritter Rolf Hillefeld.<\/p>\n\n\n\n<p>Quelle und Bild: Butzbacher Zeitung vom 26. Oktober 2018<\/p>\n","protected":false},"excerpt":{"rendered":"<p>Erstmals in der Vereinsgeschichte eroberten die vorj\u00e4hrigen W\u00fcrdentr\u00e4ger beim Kirch-G\u00f6nser K\u00f6nigsschie\u00dfen erneut die begehrte Troph\u00e4e. Nach einem langen und spannenden Schie\u00dfabend und nach 191 abgegebenen Sch\u00fcssen fiel um 23.20 Uhr die Entscheidung. Julia M\u00fcller (j\u00fcngste amtierende K\u00f6nigin im Verein) und Mirco Pierdomenico (K\u00f6nig) holten sich erneut und zum zweiten Mal in Folge die begehrten Titel. &#8230; <a title=\"Die W\u00fcrdentr\u00e4ger des Vorjahres siegten erneut\" class=\"read-more\" href=\"http:\/\/875jahrekirchgoens.de\/?p=16720\" aria-label=\"Mehr Informationen \u00fcber Die W\u00fcrdentr\u00e4ger des Vorjahres siegten erneut\">Weiterlesen<\/a><\/p>\n","protected":false},"author":1,"featured_media":0,"comment_status":"closed","ping_status":"open","sticky":false,"template":"","format":"standard","meta":{"footnotes":""},"categories":[1],"tags":[],"class_list":["post-16720","post","type-post","status-publish","format-standard","hentry","category-infos"],"_links":{"self":[{"href":"http:\/\/875jahrekirchgoens.de\/index.php?rest_route=\/wp\/v2\/posts\/16720","targetHints":{"allow":["GET"]}}],"collection":[{"href":"http:\/\/875jahrekirchgoens.de\/index.php?rest_route=\/wp\/v2\/posts"}],"about":[{"href":"http:\/\/875jahrekirchgoens.de\/index.php?rest_route=\/wp\/v2\/types\/post"}],"author":[{"embeddable":true,"href":"http:\/\/875jahrekirchgoens.de\/index.php?rest_route=\/wp\/v2\/users\/1"}],"replies":[{"embeddable":true,"href":"http:\/\/875jahrekirchgoens.de\/index.php?rest_route=%2Fwp%2Fv2%2Fcomments&post=16720"}],"version-history":[{"count":1,"href":"http:\/\/875jahrekirchgoens.de\/index.php?rest_route=\/wp\/v2\/posts\/16720\/revisions"}],"predecessor-version":[{"id":16722,"href":"http:\/\/875jahrekirchgoens.de\/index.php?rest_route=\/wp\/v2\/posts\/16720\/revisions\/16722"}],"wp:attachment":[{"href":"http:\/\/875jahrekirchgoens.de\/index.php?rest_route=%2Fwp%2Fv2%2Fmedia&parent=16720"}],"wp:term":[{"taxonomy":"category","embeddable":true,"href":"http:\/\/875jahrekirchgoens.de\/index.php?rest_route=%2Fwp%2Fv2%2Fcategories&post=16720"},{"taxonomy":"post_tag","embeddable":true,"href":"http:\/\/875jahrekirchgoens.de\/index.php?rest_route=%2Fwp%2Fv2%2Ftags&post=16720"}],"curies":[{"name":"wp","href":"https:\/\/api.w.org\/{rel}","templated":true}]}}