{"id":16735,"date":"2019-04-06T12:22:00","date_gmt":"2019-04-06T12:22:00","guid":{"rendered":"https:\/\/875jahrekirchgoens.de\/?p=16735"},"modified":"2025-11-09T12:23:44","modified_gmt":"2025-11-09T12:23:44","slug":"chor-let-it-shine-probte-im-schloss","status":"publish","type":"post","link":"http:\/\/875jahrekirchgoens.de\/?p=16735","title":{"rendered":"Chor \u201eLet it Shine\u201c probte im Schloss"},"content":{"rendered":"\n<p>Im Schloss von Herborn verbrachte der Chor \u201eLet it Shine\u201c des Gesangvereins Kirch-G\u00f6ns unter der Leitung von Chorleiterin Theresa Heinz ein intensives, fr\u00f6hliches und unterhaltsames Wochenende. In entspannter Atmosph\u00e4re, in Ruhe proben, neue Lieder zu testen und auf Details zu achten, die in den w\u00f6chentlichen Proben nicht immer angesprochen werden k\u00f6nnen, war eines der Ziele der 30 S\u00e4ngerinnen und S\u00e4nger. Man wollte sich aber auch auf die n\u00e4chsten Auftritte vorbereiten, darunter das am kommenden Wochenende stattfindende Wertungssingen des S\u00e4ngerbundes H\u00fcttenberg-Schiffenberg. So ergab sich ein abwechslungsreiches Programm, das motiviert und konzentriert ausgegangen wurde. Da das Motto des letzten Konzertes \u201eSingen, weil\u00b4s gut tut\u201c und der Spa\u00df dabei aber immer im Mittelpunkt stehen, waren die gemeinsamen Stunden im Laufe des Abends, die um einen gro\u00dfen Tisch mit mehreren Gitarren und viel Gesang stattfanden, genauso wichtig und machten das Besondere an diesem Wochenende aus. Am Ende war die Meinung aller Beteiligten: Dieses Wochenende tut der Stimme, der einzelnen Person und der ganzen Chorgemeinschaft gut und wird auch im kommenden Jahr wieder auf dem Programm stehen.<\/p>\n\n\n\n<figure class=\"wp-block-image size-large\"><img loading=\"lazy\" decoding=\"async\" width=\"1024\" height=\"508\" src=\"https:\/\/875jahrekirchgoens.de\/wp-content\/uploads\/2025\/11\/grafik-46-1024x508.png\" alt=\"\" class=\"wp-image-16736\" srcset=\"http:\/\/875jahrekirchgoens.de\/wp-content\/uploads\/2025\/11\/grafik-46-1024x508.png 1024w, http:\/\/875jahrekirchgoens.de\/wp-content\/uploads\/2025\/11\/grafik-46-300x149.png 300w, http:\/\/875jahrekirchgoens.de\/wp-content\/uploads\/2025\/11\/grafik-46-768x381.png 768w, http:\/\/875jahrekirchgoens.de\/wp-content\/uploads\/2025\/11\/grafik-46.png 1048w\" sizes=\"auto, (max-width: 1024px) 100vw, 1024px\" \/><\/figure>\n\n\n\n<p>Quelle und Bild: Butzbacher Zeitung vom 6. April 2019<\/p>\n","protected":false},"excerpt":{"rendered":"<p>Im Schloss von Herborn verbrachte der Chor \u201eLet it Shine\u201c des Gesangvereins Kirch-G\u00f6ns unter der Leitung von Chorleiterin Theresa Heinz ein intensives, fr\u00f6hliches und unterhaltsames Wochenende. In entspannter Atmosph\u00e4re, in Ruhe proben, neue Lieder zu testen und auf Details zu achten, die in den w\u00f6chentlichen Proben nicht immer angesprochen werden k\u00f6nnen, war eines der Ziele &#8230; <a title=\"Chor \u201eLet it Shine\u201c probte im Schloss\" class=\"read-more\" href=\"http:\/\/875jahrekirchgoens.de\/?p=16735\" aria-label=\"Mehr Informationen \u00fcber Chor \u201eLet it Shine\u201c probte im Schloss\">Weiterlesen<\/a><\/p>\n","protected":false},"author":1,"featured_media":0,"comment_status":"closed","ping_status":"open","sticky":false,"template":"","format":"standard","meta":{"footnotes":""},"categories":[1],"tags":[],"class_list":["post-16735","post","type-post","status-publish","format-standard","hentry","category-infos"],"_links":{"self":[{"href":"http:\/\/875jahrekirchgoens.de\/index.php?rest_route=\/wp\/v2\/posts\/16735","targetHints":{"allow":["GET"]}}],"collection":[{"href":"http:\/\/875jahrekirchgoens.de\/index.php?rest_route=\/wp\/v2\/posts"}],"about":[{"href":"http:\/\/875jahrekirchgoens.de\/index.php?rest_route=\/wp\/v2\/types\/post"}],"author":[{"embeddable":true,"href":"http:\/\/875jahrekirchgoens.de\/index.php?rest_route=\/wp\/v2\/users\/1"}],"replies":[{"embeddable":true,"href":"http:\/\/875jahrekirchgoens.de\/index.php?rest_route=%2Fwp%2Fv2%2Fcomments&post=16735"}],"version-history":[{"count":1,"href":"http:\/\/875jahrekirchgoens.de\/index.php?rest_route=\/wp\/v2\/posts\/16735\/revisions"}],"predecessor-version":[{"id":16737,"href":"http:\/\/875jahrekirchgoens.de\/index.php?rest_route=\/wp\/v2\/posts\/16735\/revisions\/16737"}],"wp:attachment":[{"href":"http:\/\/875jahrekirchgoens.de\/index.php?rest_route=%2Fwp%2Fv2%2Fmedia&parent=16735"}],"wp:term":[{"taxonomy":"category","embeddable":true,"href":"http:\/\/875jahrekirchgoens.de\/index.php?rest_route=%2Fwp%2Fv2%2Fcategories&post=16735"},{"taxonomy":"post_tag","embeddable":true,"href":"http:\/\/875jahrekirchgoens.de\/index.php?rest_route=%2Fwp%2Fv2%2Ftags&post=16735"}],"curies":[{"name":"wp","href":"https:\/\/api.w.org\/{rel}","templated":true}]}}