{"id":16739,"date":"2019-04-09T12:35:00","date_gmt":"2019-04-09T12:35:00","guid":{"rendered":"https:\/\/875jahrekirchgoens.de\/?p=16739"},"modified":"2025-11-09T12:36:15","modified_gmt":"2025-11-09T12:36:15","slug":"michaela-roehrig-mueller-ist-neue-jugendwartin-im-schuetzenverein","status":"publish","type":"post","link":"http:\/\/875jahrekirchgoens.de\/?p=16739","title":{"rendered":"Michaela R\u00f6hrig-M\u00fcller ist neue Jugendwartin im Sch\u00fctzenverein"},"content":{"rendered":"\n<p><em>Als \u201eSch\u00fctze des Jahres\u201c erhielt Kurt Hartig den Wanderpokal<\/em> Der Jahresr\u00fcckblick in der Mitgliederversammlung des Kirch-G\u00f6nser Sch\u00fctzenvereins bezog sich auf die Themen des Sports, der Entwicklung und Aktivit\u00e4ten und die notwendigen Ma\u00dfnahmen zur Erhaltung der Sch\u00fctzenhalle. Der Vorsitzende Gunther M\u00fcller referierte aber auch \u00fcber die allgemeine Stagnation im Bereich der Mitglieder, die sp\u00fcrbaren R\u00fcckg\u00e4nge in der Szene der klassischen Vereine und damit auch \u00fcber die Zukunftsf\u00e4higkeit der Vereine. Im Bericht des Vorsitzenden wurden die wesentlichen Aktivit\u00e4ten und Entwicklungen des Vereins im vergangenen Jahr zusammengefasst. Erstmalig in der Vereinsgeschichte wurde ein Revival-Treffen der ehemaligen Jugendsch\u00fctzen organisier, das sehr positiv wahrgenommen wurde. Das traditionelle Ortspokalschie\u00dfen wurde auch im letzten Jahr von den Ortsvereinen und Gruppen wieder gut angenommen. Es nahmen 11 Mannschaften daran teil. Die Resonanz war bei allen Beteiligten sehr positiv. F\u00fcr dieses Jahr ist das Ortspokalschie\u00dfen f\u00fcr Ende September geplant. Im letzten Jahr richtete der Sch\u00fctzenverein Kirch-G\u00f6ns die Stadtmeisterschaft der Sch\u00fctzenvereine der Stadt Butzbach in der Disziplin Luftgewehr aus. Bei den Rundenwettk\u00e4mpfen belegt man einen mittleren Tabellenplatz. Gunther M\u00fcller dankte allen Aktiven, dass sie den Verein w\u00fcrdig vertreten haben und dem Vorstand f\u00fcr die gute Zusammenarbeit und vielf\u00e4ltige Mitarbeit. Die dritte Auflage des Kappenabends gemeinsam mit dem TV Vorw\u00e4rts in der Sch\u00fctzenhalle war ein voller Erfolg. Der Zuspruch war sehr positiv und die n\u00e4chste Veranstaltung ist schon f\u00fcr Februar 2020 geplant. Anschlie\u00dfend \u00fcberreichte der Sch\u00fctzenmeister Christian M\u00fcll den begehrten Wanderpokal \u201eSch\u00fctze des Jahres\u201c, f\u00fcr die h\u00f6chste Leistungssteigerung bei den Rundenwettk\u00e4mpfen. Dieser geht in diesem Jahr an den Sch\u00fctzen Kurt Hartig mit einer Steigerung von 13,1 Ringen im Durchschnitt zum Vorjahr. Der Kassenbericht von Karsten M\u00fcller zeigte dank des F\u00f6rdervereins trotz der Investition in Sportger\u00e4te ein ausgeglichenes Ergebnis. Dies ist wichtig f\u00fcr die Unterhaltung der Sch\u00fctzenhalle. Der Sch\u00fctzenverein in Kirch-G\u00f6ns muss die stetig steigenden hohen Ausgaben selbst bestreiten, ohne jegliche Zusch\u00fcsse der Stadt. Die Kassenpr\u00fcfer Dominik Wagner und Christoph M\u00fcller best\u00e4tigen eine einwandfreie F\u00fchrung und Verwaltung der Finanzen, sodass die Entlastung des Vorstandes einstimmig erfolgte. Gunther M\u00fcller bedankte sich bei Christian H\u00e4user f\u00fcr seine langj\u00e4hrige T\u00e4tigkeit im Vorstand, der sein Amt als Jugendwart nach 18 Jahren zur Verf\u00fcgung stellte. Michaela R\u00f6hrig-M\u00fcller wurde einstimmig zum neuen Jugendwart gew\u00e4hlt. Des Weiteren wurden folgende Vorstandsmitglieder f\u00fcr weitere 2 Jahren in ihren Funktionen gew\u00e4hlt: Rolf Hillefeld (Schriftf\u00fchrer), Christian M\u00fcll (Sch\u00fctzenmeister), Karsten M\u00fcller (1. Kassierer), Mirco Pierdomenico (2. Kassierer) und Sebastian Menk (Hallenwart). Bei der Erg\u00e4nzungswahl f\u00fcr die Kassenpr\u00fcfung wurde Christian H\u00e4user einstimmig berufen. Am Ende wies Gunther M\u00fcller noch auf die diesj\u00e4hrigen Termine des Sch\u00fctzenvereins hin insbesondere auf das K\u00f6nigsschie\u00dfen am 14. Juni (erstmalig im Sommer), das Ortspokalschie\u00dfen am 26. und 27. September mit Finalschie\u00dfen am 29. September und das Jahresabschlussschie\u00dfen am 27. Dezember.<\/p>\n\n\n\n<figure class=\"wp-block-image size-full\"><img loading=\"lazy\" decoding=\"async\" width=\"950\" height=\"266\" src=\"https:\/\/875jahrekirchgoens.de\/wp-content\/uploads\/2025\/11\/grafik-47.png\" alt=\"\" class=\"wp-image-16740\" srcset=\"http:\/\/875jahrekirchgoens.de\/wp-content\/uploads\/2025\/11\/grafik-47.png 950w, http:\/\/875jahrekirchgoens.de\/wp-content\/uploads\/2025\/11\/grafik-47-300x84.png 300w, http:\/\/875jahrekirchgoens.de\/wp-content\/uploads\/2025\/11\/grafik-47-768x215.png 768w\" sizes=\"auto, (max-width: 950px) 100vw, 950px\" \/><\/figure>\n\n\n\n<p>Der neue Vorstand des Sch\u00fctzenvereins: (v. l.) Hagen Heinz, Mirco Pierdomenico,                  Sch\u00fctzenmeister Christian M\u00fcller (l.) gratuliert <br>Rolf Hillefeld, Michaela R\u00f6hrig-M\u00fcller, G\u00fcnter M\u00fcller, h. l. Christian M\u00fcll                                       und ehrt den \u201eSch\u00fctzen des Jahres\u201c Kurt Hartig (r.).<br>und Karsten M\u00fcller.<\/p>\n\n\n<div class=\"wp-block-image\">\n<figure class=\"aligncenter size-full\"><img loading=\"lazy\" decoding=\"async\" width=\"524\" height=\"384\" src=\"https:\/\/875jahrekirchgoens.de\/wp-content\/uploads\/2025\/11\/grafik-48.png\" alt=\"\" class=\"wp-image-16741\" srcset=\"http:\/\/875jahrekirchgoens.de\/wp-content\/uploads\/2025\/11\/grafik-48.png 524w, http:\/\/875jahrekirchgoens.de\/wp-content\/uploads\/2025\/11\/grafik-48-300x220.png 300w\" sizes=\"auto, (max-width: 524px) 100vw, 524px\" \/><\/figure><\/div>\n\n\n<p class=\"has-text-align-center\">Vorsitzender Gunther M\u00fcller (r.) bedankt sich bei Christian H\u00e4user (l.)<br> f\u00fcr seine 18-j\u00e4hrige T\u00e4tigkeit als Jugendwart im Sch\u00fctzenverein. \u00a0<\/p>\n\n\n\n<p>Quelle und Bilder: Butzbacher Zeitung vom 9. April 2019<\/p>\n","protected":false},"excerpt":{"rendered":"<p>Als \u201eSch\u00fctze des Jahres\u201c erhielt Kurt Hartig den Wanderpokal Der Jahresr\u00fcckblick in der Mitgliederversammlung des Kirch-G\u00f6nser Sch\u00fctzenvereins bezog sich auf die Themen des Sports, der Entwicklung und Aktivit\u00e4ten und die notwendigen Ma\u00dfnahmen zur Erhaltung der Sch\u00fctzenhalle. Der Vorsitzende Gunther M\u00fcller referierte aber auch \u00fcber die allgemeine Stagnation im Bereich der Mitglieder, die sp\u00fcrbaren R\u00fcckg\u00e4nge in &#8230; <a title=\"Michaela R\u00f6hrig-M\u00fcller ist neue Jugendwartin im Sch\u00fctzenverein\" class=\"read-more\" href=\"http:\/\/875jahrekirchgoens.de\/?p=16739\" aria-label=\"Mehr Informationen \u00fcber Michaela R\u00f6hrig-M\u00fcller ist neue Jugendwartin im Sch\u00fctzenverein\">Weiterlesen<\/a><\/p>\n","protected":false},"author":1,"featured_media":0,"comment_status":"closed","ping_status":"open","sticky":false,"template":"","format":"standard","meta":{"footnotes":""},"categories":[1],"tags":[],"class_list":["post-16739","post","type-post","status-publish","format-standard","hentry","category-infos"],"_links":{"self":[{"href":"http:\/\/875jahrekirchgoens.de\/index.php?rest_route=\/wp\/v2\/posts\/16739","targetHints":{"allow":["GET"]}}],"collection":[{"href":"http:\/\/875jahrekirchgoens.de\/index.php?rest_route=\/wp\/v2\/posts"}],"about":[{"href":"http:\/\/875jahrekirchgoens.de\/index.php?rest_route=\/wp\/v2\/types\/post"}],"author":[{"embeddable":true,"href":"http:\/\/875jahrekirchgoens.de\/index.php?rest_route=\/wp\/v2\/users\/1"}],"replies":[{"embeddable":true,"href":"http:\/\/875jahrekirchgoens.de\/index.php?rest_route=%2Fwp%2Fv2%2Fcomments&post=16739"}],"version-history":[{"count":1,"href":"http:\/\/875jahrekirchgoens.de\/index.php?rest_route=\/wp\/v2\/posts\/16739\/revisions"}],"predecessor-version":[{"id":16742,"href":"http:\/\/875jahrekirchgoens.de\/index.php?rest_route=\/wp\/v2\/posts\/16739\/revisions\/16742"}],"wp:attachment":[{"href":"http:\/\/875jahrekirchgoens.de\/index.php?rest_route=%2Fwp%2Fv2%2Fmedia&parent=16739"}],"wp:term":[{"taxonomy":"category","embeddable":true,"href":"http:\/\/875jahrekirchgoens.de\/index.php?rest_route=%2Fwp%2Fv2%2Fcategories&post=16739"},{"taxonomy":"post_tag","embeddable":true,"href":"http:\/\/875jahrekirchgoens.de\/index.php?rest_route=%2Fwp%2Fv2%2Ftags&post=16739"}],"curies":[{"name":"wp","href":"https:\/\/api.w.org\/{rel}","templated":true}]}}