{"id":16751,"date":"2017-09-13T12:51:00","date_gmt":"2017-09-13T12:51:00","guid":{"rendered":"https:\/\/875jahrekirchgoens.de\/?p=16751"},"modified":"2025-11-09T12:52:52","modified_gmt":"2025-11-09T12:52:52","slug":"kirch-goenser-gesangverein-war-in-wiesbaden","status":"publish","type":"post","link":"http:\/\/875jahrekirchgoens.de\/?p=16751","title":{"rendered":"Kirch-G\u00f6nser Gesangverein war in Wiesbaden"},"content":{"rendered":"\n<p>Einen sehr sch\u00f6nen Ausflug unternahm der Gesangverein aus Kirch-G\u00f6ns am Samstag nach Wiesbaden. Die S\u00e4ngerinnen und S\u00e4nger des gemischten Chors und des Gospelchors \u201eLet it Shine\u201c zusammen mit ihren Partnern lernten bei einer Stadtf\u00fchrung zun\u00e4chst die Innenstadt von Wiesbaden n\u00e4her kennen: von Kurhaus, bis Rathaus, von Marktkirche \u00fcber Hessischen Landtag bis zur Staatskanzlei. Auch die hei\u00dfe Quelle am Kochbrunnen wurde probiert, bevor es in der Goldgasse zum gemeinsamen Mittagessen ging. Am Nachmittag stand zun\u00e4chst eine F\u00fchrung in der Sektkellerei Henkell auf dem Programm mit anschlie\u00dfender Verkostung verschiedener Sorten aus der Produktion der Sektkellerei. Danach ging es mit der Nerobergbahn und seiner interessanten Technik auf den Neroberg. Das Wetter hielt, es gab keinen Regen und die Teilnehmer wurden mit einem tollen Blick auf Wiesbaden und Umgebung belohnt. Vor dem Monopteros auf dem Neroberg ist auch das Gruppenbild entstanden. Zum Abschluss ging es in ein sehr nettes Lokal im Wasserturm am Kulturzentrum Schlachthof von Wiesbaden, bevor die Heimreise nach Kirch-G\u00f6ns angetreten wurde.<\/p>\n\n\n\n<figure class=\"wp-block-image size-full is-resized\"><img loading=\"lazy\" decoding=\"async\" width=\"546\" height=\"456\" src=\"https:\/\/875jahrekirchgoens.de\/wp-content\/uploads\/2025\/11\/grafik-50.png\" alt=\"\" class=\"wp-image-16752\" style=\"width:920px;height:auto\" srcset=\"http:\/\/875jahrekirchgoens.de\/wp-content\/uploads\/2025\/11\/grafik-50.png 546w, http:\/\/875jahrekirchgoens.de\/wp-content\/uploads\/2025\/11\/grafik-50-300x251.png 300w\" sizes=\"auto, (max-width: 546px) 100vw, 546px\" \/><\/figure>\n\n\n\n<p>Quelle und Bild: Butzbacher Zeitung vom 13. September 2017<\/p>\n","protected":false},"excerpt":{"rendered":"<p>Einen sehr sch\u00f6nen Ausflug unternahm der Gesangverein aus Kirch-G\u00f6ns am Samstag nach Wiesbaden. Die S\u00e4ngerinnen und S\u00e4nger des gemischten Chors und des Gospelchors \u201eLet it Shine\u201c zusammen mit ihren Partnern lernten bei einer Stadtf\u00fchrung zun\u00e4chst die Innenstadt von Wiesbaden n\u00e4her kennen: von Kurhaus, bis Rathaus, von Marktkirche \u00fcber Hessischen Landtag bis zur Staatskanzlei. Auch die &#8230; <a title=\"Kirch-G\u00f6nser Gesangverein war in Wiesbaden\" class=\"read-more\" href=\"http:\/\/875jahrekirchgoens.de\/?p=16751\" aria-label=\"Mehr Informationen \u00fcber Kirch-G\u00f6nser Gesangverein war in Wiesbaden\">Weiterlesen<\/a><\/p>\n","protected":false},"author":1,"featured_media":0,"comment_status":"closed","ping_status":"open","sticky":false,"template":"","format":"standard","meta":{"footnotes":""},"categories":[1],"tags":[],"class_list":["post-16751","post","type-post","status-publish","format-standard","hentry","category-infos"],"_links":{"self":[{"href":"http:\/\/875jahrekirchgoens.de\/index.php?rest_route=\/wp\/v2\/posts\/16751","targetHints":{"allow":["GET"]}}],"collection":[{"href":"http:\/\/875jahrekirchgoens.de\/index.php?rest_route=\/wp\/v2\/posts"}],"about":[{"href":"http:\/\/875jahrekirchgoens.de\/index.php?rest_route=\/wp\/v2\/types\/post"}],"author":[{"embeddable":true,"href":"http:\/\/875jahrekirchgoens.de\/index.php?rest_route=\/wp\/v2\/users\/1"}],"replies":[{"embeddable":true,"href":"http:\/\/875jahrekirchgoens.de\/index.php?rest_route=%2Fwp%2Fv2%2Fcomments&post=16751"}],"version-history":[{"count":1,"href":"http:\/\/875jahrekirchgoens.de\/index.php?rest_route=\/wp\/v2\/posts\/16751\/revisions"}],"predecessor-version":[{"id":16753,"href":"http:\/\/875jahrekirchgoens.de\/index.php?rest_route=\/wp\/v2\/posts\/16751\/revisions\/16753"}],"wp:attachment":[{"href":"http:\/\/875jahrekirchgoens.de\/index.php?rest_route=%2Fwp%2Fv2%2Fmedia&parent=16751"}],"wp:term":[{"taxonomy":"category","embeddable":true,"href":"http:\/\/875jahrekirchgoens.de\/index.php?rest_route=%2Fwp%2Fv2%2Fcategories&post=16751"},{"taxonomy":"post_tag","embeddable":true,"href":"http:\/\/875jahrekirchgoens.de\/index.php?rest_route=%2Fwp%2Fv2%2Ftags&post=16751"}],"curies":[{"name":"wp","href":"https:\/\/api.w.org\/{rel}","templated":true}]}}