{"id":16755,"date":"2017-10-13T12:56:00","date_gmt":"2017-10-13T12:56:00","guid":{"rendered":"https:\/\/875jahrekirchgoens.de\/?p=16755"},"modified":"2025-11-09T12:57:10","modified_gmt":"2025-11-09T12:57:10","slug":"julia-mueller-ist-juengste-schuetzenkoenigin-des-vereins","status":"publish","type":"post","link":"http:\/\/875jahrekirchgoens.de\/?p=16755","title":{"rendered":"Julia M\u00fcller ist j\u00fcngste Sch\u00fctzenk\u00f6nigin des Vereins"},"content":{"rendered":"\n<p>Das diesj\u00e4hrige K\u00f6nigsschie\u00dfen im Sch\u00fctzenverein Kirch-G\u00f6ns ist rekordverd\u00e4chtig und wird sicherlich in die Vereinschronik als ein Besonderes eingehen. Es war in diesem Wettkampf ein Schie\u00dfen der Treffsicheren, kaum ein Schuss hat sein Ziel verfehlt. In einer Rekordzeit von sechzig Minuten war das spannende Schie\u00dfen urpl\u00f6tzlich entschieden. Im Finale des Wettkampfes wurden die Treffer immer sehenswerter \u2013 und dann war die J\u00fcngste der Teilnehmer an der Reihe: Mit ihrem 9. Schuss, ein fulminanter Treffer, machte sich Julia M\u00fcller bei ihrer ersten Teilnahme zur Siegerin und damit Sch\u00fctzenk\u00f6nigin 2017. So, wie sie in den Stab der Troph\u00e4e regelrecht zerfetzte, so erstarben die Siegeshoffnungen aller anderen Beteiligten. Der Siegerin des Vorjahres, Ute M\u00f6ckel, wurde die Ehre der Hofdame, nunmehr bereits zum sechsten Mal, zuteil. In der Wertung der Herren wurde Mirco Pierdomenico Sch\u00fctzenk\u00f6nig gefolgt von dem 1. Ritter Christian M\u00fcll \u2013 ein Tausch nach dem Ergebnis des Vorjahres. Vervollst\u00e4ndigt wird die sch\u00fctzenadlige K\u00f6nigsfamilie von dem 1. Vorsitzenden Gunther M\u00fcller \u2013 er erreichte die Platzierung des 2. Ritters. Spannend war auch die Entscheidung um den Rudi-Stecher-Pokal f\u00fcr den besten Schuss beim K\u00f6nigsschie\u00dfen. Der Sch\u00fctzenmeister Christian M\u00fcll konnte im Anschluss an die Proklamation die diesj\u00e4hrige K\u00f6nigin Julia M\u00fcller als Siegerin bekanntgeben. Nach diesem spannungsvollen Schie\u00dfen und der anschlie\u00dfenden Proklamation der W\u00fcrdentr\u00e4ger wurden die Geehrten von den \u201eSch\u00fctzen-Untertanen\u201c geb\u00fchrend gefeiert. Das \u201edreimalige Gut Schuss\u201c auf die Sieger erklang so h\u00e4ufig wie kaum zuvor.<\/p>\n\n\n<div class=\"wp-block-image\">\n<figure class=\"aligncenter size-full\"><img loading=\"lazy\" decoding=\"async\" width=\"522\" height=\"311\" src=\"https:\/\/875jahrekirchgoens.de\/wp-content\/uploads\/2025\/11\/grafik-51.png\" alt=\"\" class=\"wp-image-16756\" srcset=\"http:\/\/875jahrekirchgoens.de\/wp-content\/uploads\/2025\/11\/grafik-51.png 522w, http:\/\/875jahrekirchgoens.de\/wp-content\/uploads\/2025\/11\/grafik-51-300x179.png 300w\" sizes=\"auto, (max-width: 522px) 100vw, 522px\" \/><\/figure><\/div>\n\n\n<p class=\"has-text-align-center\">Die K\u00f6nigsfamilie 2017 im Sch\u00fctzenverein: (v. l.): 2. Ritter Christian M\u00fcll, <br>Sch\u00fctzenk\u00f6nigin Julia M\u00fcller, Sch\u00fctzenk\u00f6nig Mirco Pierdomenico, <br>Hofdame Ute M\u00f6ckel und 2. Ritter Gunther M\u00fcller.<\/p>\n\n\n\n<p class=\"has-text-align-left\">Quelle und Bild: Butzbacher Zeitung vom 13. Oktober 2017<\/p>\n","protected":false},"excerpt":{"rendered":"<p>Das diesj\u00e4hrige K\u00f6nigsschie\u00dfen im Sch\u00fctzenverein Kirch-G\u00f6ns ist rekordverd\u00e4chtig und wird sicherlich in die Vereinschronik als ein Besonderes eingehen. Es war in diesem Wettkampf ein Schie\u00dfen der Treffsicheren, kaum ein Schuss hat sein Ziel verfehlt. In einer Rekordzeit von sechzig Minuten war das spannende Schie\u00dfen urpl\u00f6tzlich entschieden. Im Finale des Wettkampfes wurden die Treffer immer sehenswerter &#8230; <a title=\"Julia M\u00fcller ist j\u00fcngste Sch\u00fctzenk\u00f6nigin des Vereins\" class=\"read-more\" href=\"http:\/\/875jahrekirchgoens.de\/?p=16755\" aria-label=\"Mehr Informationen \u00fcber Julia M\u00fcller ist j\u00fcngste Sch\u00fctzenk\u00f6nigin des Vereins\">Weiterlesen<\/a><\/p>\n","protected":false},"author":1,"featured_media":0,"comment_status":"closed","ping_status":"open","sticky":false,"template":"","format":"standard","meta":{"footnotes":""},"categories":[1],"tags":[],"class_list":["post-16755","post","type-post","status-publish","format-standard","hentry","category-infos"],"_links":{"self":[{"href":"http:\/\/875jahrekirchgoens.de\/index.php?rest_route=\/wp\/v2\/posts\/16755","targetHints":{"allow":["GET"]}}],"collection":[{"href":"http:\/\/875jahrekirchgoens.de\/index.php?rest_route=\/wp\/v2\/posts"}],"about":[{"href":"http:\/\/875jahrekirchgoens.de\/index.php?rest_route=\/wp\/v2\/types\/post"}],"author":[{"embeddable":true,"href":"http:\/\/875jahrekirchgoens.de\/index.php?rest_route=\/wp\/v2\/users\/1"}],"replies":[{"embeddable":true,"href":"http:\/\/875jahrekirchgoens.de\/index.php?rest_route=%2Fwp%2Fv2%2Fcomments&post=16755"}],"version-history":[{"count":1,"href":"http:\/\/875jahrekirchgoens.de\/index.php?rest_route=\/wp\/v2\/posts\/16755\/revisions"}],"predecessor-version":[{"id":16757,"href":"http:\/\/875jahrekirchgoens.de\/index.php?rest_route=\/wp\/v2\/posts\/16755\/revisions\/16757"}],"wp:attachment":[{"href":"http:\/\/875jahrekirchgoens.de\/index.php?rest_route=%2Fwp%2Fv2%2Fmedia&parent=16755"}],"wp:term":[{"taxonomy":"category","embeddable":true,"href":"http:\/\/875jahrekirchgoens.de\/index.php?rest_route=%2Fwp%2Fv2%2Fcategories&post=16755"},{"taxonomy":"post_tag","embeddable":true,"href":"http:\/\/875jahrekirchgoens.de\/index.php?rest_route=%2Fwp%2Fv2%2Ftags&post=16755"}],"curies":[{"name":"wp","href":"https:\/\/api.w.org\/{rel}","templated":true}]}}