{"id":16766,"date":"2017-10-24T13:16:00","date_gmt":"2017-10-24T13:16:00","guid":{"rendered":"https:\/\/875jahrekirchgoens.de\/?p=16766"},"modified":"2025-11-09T13:18:21","modified_gmt":"2025-11-09T13:18:21","slug":"kirch-goenser-kindergarten-eingeweiht","status":"publish","type":"post","link":"http:\/\/875jahrekirchgoens.de\/?p=16766","title":{"rendered":"Kirch-G\u00f6nser Kindergarten eingeweiht"},"content":{"rendered":"\n<p>Der st\u00e4dtische Kindergarten in Kirch-G\u00f6ns wurde nicht nur umfangreich renoviert und umgebaut, sondern hat jetzt auch einen Namen. Anl\u00e4sslich der Einweihungsfeier wurde er auf den Namen \u201eB\u00e4reninsel\u201c getauft. B\u00fcrgermeister Michael Merle, Kreisbeigeordnete Stephanie Becker-B\u00f6sch und Ortsvorsteher Stefan Euler enth\u00fcllten eine Tafel \u00fcber dem Eingang des Kindergartens mit dem neuen Namen. Bisher lautete die Bezeichnung ja nur profan \u201eKindergarten Kirch-G\u00f6ns\u201c. In ihren Ansprachen gingen Kindergartenleiterin Silke Bolz-Lowak und Holde Stubenrauch, die Vorsitzende des Butzbacher K\u00fcnstlerkreises, auf die Bedeutung des Namens ein. Der B\u00e4r ist ein starkes, m\u00e4chtiges Tier und eine B\u00e4renmutter verteidigt energisch ihre Kinder. Die Kindergartenkinder sollen sich auf der B\u00e4reninsel als einem Ort der Sicherheit und Geborgenheit besch\u00fctzt f\u00fchlen. Renate Nick vom K\u00fcnstlerkreis hat ein entsprechendes Gem\u00e4lde angefertigt, auf dem K\u00fcken symbolisch f\u00fcr die zu besch\u00fctzenden Kinder stehen. Als Dank f\u00fcr die Gem\u00e4lde wurde der K\u00fcnstlerin eine Gartenbank \u00fcberreicht. Passend zur Einweihungsfeier hatten etliche Kindergartenkinder ein Lied \u00fcber Kinder und B\u00e4ren einge\u00fcbt, dass sie selbst auf Handtrommeln begleiteten. Mit langanhaltendem Applaus wurden die kleinen Musikk\u00fcnstler f\u00fcr ihren Vortrag belohnt. Pfarrer Eberhard Heinz von der katholischen St.-Gottfried-Gemeinde Butzbach und Pfarrer William Thum von der evangelischen Kirchengemeinde Kirch-G\u00f6ns segneten das Kindergartengeb\u00e4ude, Kinder und Betreuerinnen. Zur Einweihung waren die Kindergartenkinder mit Eltern, Gro\u00dfeltern, Verwandten und Bekannten gekommen, ferner viele ehemalige Kindergartenkinder und interessierte Kirch-G\u00f6nser B\u00fcrger. Allen nahmen die Gelegenheit wahr, die neuen R\u00e4ume ausf\u00fchrlich zu besichtigen. Vom angebotenen Kuchen und Imbiss machten die Besucher reichlich Gebrauch.<\/p>\n\n\n\n<figure class=\"wp-block-image size-large\"><img loading=\"lazy\" decoding=\"async\" width=\"1024\" height=\"339\" src=\"https:\/\/875jahrekirchgoens.de\/wp-content\/uploads\/2025\/11\/grafik-53-1024x339.png\" alt=\"\" class=\"wp-image-16767\" srcset=\"http:\/\/875jahrekirchgoens.de\/wp-content\/uploads\/2025\/11\/grafik-53-1024x339.png 1024w, http:\/\/875jahrekirchgoens.de\/wp-content\/uploads\/2025\/11\/grafik-53-300x99.png 300w, http:\/\/875jahrekirchgoens.de\/wp-content\/uploads\/2025\/11\/grafik-53-768x254.png 768w, http:\/\/875jahrekirchgoens.de\/wp-content\/uploads\/2025\/11\/grafik-53.png 1048w\" sizes=\"auto, (max-width: 1024px) 100vw, 1024px\" \/><\/figure>\n\n\n\n<p>               Die beiden Pfarrer Eberhard Heinz und William Thum                                                           Viele Besucher fanden sich zur Einweihung<br>                                             segneten die neuen R\u00e4ume.                                                                                              des \u201eneuen\u201c Kirch-G\u00f6nser Kindergartens ein.<\/p>\n\n\n<div class=\"wp-block-image\">\n<figure class=\"aligncenter size-full\"><img loading=\"lazy\" decoding=\"async\" width=\"598\" height=\"190\" src=\"https:\/\/875jahrekirchgoens.de\/wp-content\/uploads\/2025\/11\/grafik-54.png\" alt=\"\" class=\"wp-image-16768\" srcset=\"http:\/\/875jahrekirchgoens.de\/wp-content\/uploads\/2025\/11\/grafik-54.png 598w, http:\/\/875jahrekirchgoens.de\/wp-content\/uploads\/2025\/11\/grafik-54-300x95.png 300w\" sizes=\"auto, (max-width: 598px) 100vw, 598px\" \/><\/figure><\/div>\n\n\n<p class=\"has-text-align-center\">B\u00fcrgermeister Merle, Kreisbeigeordnete Stephanie Becker-B\u00f6sch und <br>Ortsvorsteher Stefan Euler enth\u00fcllten das neue Namensschild.<\/p>\n\n\n\n<p>Quelle und Bilder: Butzbacher Zeitung vom 24. Oktober 2017<\/p>\n","protected":false},"excerpt":{"rendered":"<p>Der st\u00e4dtische Kindergarten in Kirch-G\u00f6ns wurde nicht nur umfangreich renoviert und umgebaut, sondern hat jetzt auch einen Namen. Anl\u00e4sslich der Einweihungsfeier wurde er auf den Namen \u201eB\u00e4reninsel\u201c getauft. B\u00fcrgermeister Michael Merle, Kreisbeigeordnete Stephanie Becker-B\u00f6sch und Ortsvorsteher Stefan Euler enth\u00fcllten eine Tafel \u00fcber dem Eingang des Kindergartens mit dem neuen Namen. Bisher lautete die Bezeichnung ja &#8230; <a title=\"Kirch-G\u00f6nser Kindergarten eingeweiht\" class=\"read-more\" href=\"http:\/\/875jahrekirchgoens.de\/?p=16766\" aria-label=\"Mehr Informationen \u00fcber Kirch-G\u00f6nser Kindergarten eingeweiht\">Weiterlesen<\/a><\/p>\n","protected":false},"author":1,"featured_media":0,"comment_status":"closed","ping_status":"open","sticky":false,"template":"","format":"standard","meta":{"footnotes":""},"categories":[1],"tags":[],"class_list":["post-16766","post","type-post","status-publish","format-standard","hentry","category-infos"],"_links":{"self":[{"href":"http:\/\/875jahrekirchgoens.de\/index.php?rest_route=\/wp\/v2\/posts\/16766","targetHints":{"allow":["GET"]}}],"collection":[{"href":"http:\/\/875jahrekirchgoens.de\/index.php?rest_route=\/wp\/v2\/posts"}],"about":[{"href":"http:\/\/875jahrekirchgoens.de\/index.php?rest_route=\/wp\/v2\/types\/post"}],"author":[{"embeddable":true,"href":"http:\/\/875jahrekirchgoens.de\/index.php?rest_route=\/wp\/v2\/users\/1"}],"replies":[{"embeddable":true,"href":"http:\/\/875jahrekirchgoens.de\/index.php?rest_route=%2Fwp%2Fv2%2Fcomments&post=16766"}],"version-history":[{"count":1,"href":"http:\/\/875jahrekirchgoens.de\/index.php?rest_route=\/wp\/v2\/posts\/16766\/revisions"}],"predecessor-version":[{"id":16769,"href":"http:\/\/875jahrekirchgoens.de\/index.php?rest_route=\/wp\/v2\/posts\/16766\/revisions\/16769"}],"wp:attachment":[{"href":"http:\/\/875jahrekirchgoens.de\/index.php?rest_route=%2Fwp%2Fv2%2Fmedia&parent=16766"}],"wp:term":[{"taxonomy":"category","embeddable":true,"href":"http:\/\/875jahrekirchgoens.de\/index.php?rest_route=%2Fwp%2Fv2%2Fcategories&post=16766"},{"taxonomy":"post_tag","embeddable":true,"href":"http:\/\/875jahrekirchgoens.de\/index.php?rest_route=%2Fwp%2Fv2%2Ftags&post=16766"}],"curies":[{"name":"wp","href":"https:\/\/api.w.org\/{rel}","templated":true}]}}