{"id":16781,"date":"2017-07-05T18:54:00","date_gmt":"2017-07-05T18:54:00","guid":{"rendered":"https:\/\/875jahrekirchgoens.de\/?p=16781"},"modified":"2025-11-09T18:55:34","modified_gmt":"2025-11-09T18:55:34","slug":"einst-rustikale-raeume-sind-nun-groesser-heller-und-freundlicher","status":"publish","type":"post","link":"http:\/\/875jahrekirchgoens.de\/?p=16781","title":{"rendered":"Einst \u201erustikale\u201c R\u00e4ume sind nun gr\u00f6\u00dfer, heller und freundlicher"},"content":{"rendered":"\n<p>Nach einem Jahr Bauzeit war es jetzt so weit: der laut B\u00fcrgermeister Michael Merle f\u00fcr 862 000 Euro renovierte und umgebaute Kirch-G\u00f6nser Kindergarten mit Kindergrippe \u201eK\u00fckennest\u201c wurde offiziell seiner Bestimmung \u00fcbergeben. Schon vor einigen Tagen waren die Kindergartenkinder wieder in das Kirch-G\u00f6nser Geb\u00e4ude umgezogen, nach sie w\u00e4hrend der Bauma\u00dfnahmen im ehemaligen Ebersg\u00f6nser Kindergarten untergebracht waren. Pfarrer William Thum nannte die R\u00e4ume des alten Geb\u00e4udes in seiner Ansprache zur Einweihungsfeier \u201erustikal\u201c. Davon ist in den neuen R\u00e4umen nichts mehr zu sp\u00fcren, die man nun mit gr\u00f6\u00dferer, heller und freundlicher beschreiben kann. Das Geb\u00e4ude wurde grundlegend erneuert, erweitert und neu aufgeteilt. Auf einem Rundgang durch das Geb\u00e4ude erkl\u00e4rte Kindergartenleiterin Silke Bolz-Lowak einige der Neuerungen. Alle Fenster, T\u00fcren und B\u00f6den sind neu, und ein heller Anstrich brachte mehr Licht ins Haus. Die meisten R\u00e4ume erhielten erstmals einen Schallschutz. Auch eine neue Heizung wurde eingebaut. Zwei R\u00e4ume \u2013 Personalraum und Schlafraum f\u00fcr das K\u00fckennest \u2013 wurden angebaut. Durch die Neueinteilung der R\u00e4ume entstanden ein B\u00fcro und ein gro\u00dfer Bewegungsraum zum Toben und Klettern zus\u00e4tzlich. Der fr\u00fchere Wintergarten wurde fest ausgebaut. \u201eGanz super\u201c fand Bolz-Lowak den Einbau von kleinen Spinden und Einzelgarderoben f\u00fcr die Kinder sowie eines Tagelichtbeamers im Bewegungsraum, ebenso die Tatsache, dass \u00fcberwiegend neues Mobiliar angeschafft wurde, das vom Personal ausgesucht werden durfte. Die K\u00fcche wurde mit einem semi-professionellen Geschirrsp\u00fclautomat versehen, eine gro\u00dfe Erleichterung f\u00fcr das Personal. Die Verpflegung f\u00fcr die Kinder liefert nun die Firma Tischlein Deck Dich in Heuchelheim. Auch im Au\u00dfenbereich hat sich einiges getan, so wurde ein neues Pflaster verlegt. Die Wiese und der Gartenbereich f\u00fcr die j\u00fcngsten, die K\u00fcken im Haus, wurden umgestaltet und das vorhandene gro\u00dfe Holzschiff erneuert.<\/p>\n\n\n\n<figure class=\"wp-block-image size-full\"><img loading=\"lazy\" decoding=\"async\" width=\"1024\" height=\"348\" src=\"https:\/\/875jahrekirchgoens.de\/wp-content\/uploads\/2025\/11\/grafik-57.png\" alt=\"\" class=\"wp-image-16782\" srcset=\"http:\/\/875jahrekirchgoens.de\/wp-content\/uploads\/2025\/11\/grafik-57.png 1024w, http:\/\/875jahrekirchgoens.de\/wp-content\/uploads\/2025\/11\/grafik-57-300x102.png 300w, http:\/\/875jahrekirchgoens.de\/wp-content\/uploads\/2025\/11\/grafik-57-768x261.png 768w\" sizes=\"auto, (max-width: 1024px) 100vw, 1024px\" \/><\/figure>\n\n\n\n<p>            Die gro\u00dfz\u00fcgige Glasfront sorgt f\u00fcr viel Licht im gro\u00dfen                                          \u00dcberwiegend wurde neues Mobiliar angeschafft, <br>                        ausgebauten Raum, der vielf\u00e4ltig nutzbar ist                                                                  das das Kindergartenpersonal aussuchte.<\/p>\n\n\n\n<figure class=\"wp-block-image size-full\"><img loading=\"lazy\" decoding=\"async\" width=\"1022\" height=\"364\" src=\"https:\/\/875jahrekirchgoens.de\/wp-content\/uploads\/2025\/11\/grafik-58.png\" alt=\"\" class=\"wp-image-16783\" srcset=\"http:\/\/875jahrekirchgoens.de\/wp-content\/uploads\/2025\/11\/grafik-58.png 1022w, http:\/\/875jahrekirchgoens.de\/wp-content\/uploads\/2025\/11\/grafik-58-300x107.png 300w, http:\/\/875jahrekirchgoens.de\/wp-content\/uploads\/2025\/11\/grafik-58-768x274.png 768w\" sizes=\"auto, (max-width: 1022px) 100vw, 1022px\" \/><\/figure>\n\n\n\n<p class=\"has-text-align-center\">Der sanierte Kindergarten in Kirch-G\u00f6ns soll in drei Wochen p\u00fcnktlich zum Betriebsbeginn fertig sein.<\/p>\n\n\n\n<p>Quelle und Bilder: Butzbacher Zeitung vom 5. Juli 2017<\/p>\n","protected":false},"excerpt":{"rendered":"<p>Nach einem Jahr Bauzeit war es jetzt so weit: der laut B\u00fcrgermeister Michael Merle f\u00fcr 862 000 Euro renovierte und umgebaute Kirch-G\u00f6nser Kindergarten mit Kindergrippe \u201eK\u00fckennest\u201c wurde offiziell seiner Bestimmung \u00fcbergeben. Schon vor einigen Tagen waren die Kindergartenkinder wieder in das Kirch-G\u00f6nser Geb\u00e4ude umgezogen, nach sie w\u00e4hrend der Bauma\u00dfnahmen im ehemaligen Ebersg\u00f6nser Kindergarten untergebracht waren. &#8230; <a title=\"Einst \u201erustikale\u201c R\u00e4ume sind nun gr\u00f6\u00dfer, heller und freundlicher\" class=\"read-more\" href=\"http:\/\/875jahrekirchgoens.de\/?p=16781\" aria-label=\"Mehr Informationen \u00fcber Einst \u201erustikale\u201c R\u00e4ume sind nun gr\u00f6\u00dfer, heller und freundlicher\">Weiterlesen<\/a><\/p>\n","protected":false},"author":1,"featured_media":0,"comment_status":"closed","ping_status":"open","sticky":false,"template":"","format":"standard","meta":{"footnotes":""},"categories":[1],"tags":[],"class_list":["post-16781","post","type-post","status-publish","format-standard","hentry","category-infos"],"_links":{"self":[{"href":"http:\/\/875jahrekirchgoens.de\/index.php?rest_route=\/wp\/v2\/posts\/16781","targetHints":{"allow":["GET"]}}],"collection":[{"href":"http:\/\/875jahrekirchgoens.de\/index.php?rest_route=\/wp\/v2\/posts"}],"about":[{"href":"http:\/\/875jahrekirchgoens.de\/index.php?rest_route=\/wp\/v2\/types\/post"}],"author":[{"embeddable":true,"href":"http:\/\/875jahrekirchgoens.de\/index.php?rest_route=\/wp\/v2\/users\/1"}],"replies":[{"embeddable":true,"href":"http:\/\/875jahrekirchgoens.de\/index.php?rest_route=%2Fwp%2Fv2%2Fcomments&post=16781"}],"version-history":[{"count":1,"href":"http:\/\/875jahrekirchgoens.de\/index.php?rest_route=\/wp\/v2\/posts\/16781\/revisions"}],"predecessor-version":[{"id":16784,"href":"http:\/\/875jahrekirchgoens.de\/index.php?rest_route=\/wp\/v2\/posts\/16781\/revisions\/16784"}],"wp:attachment":[{"href":"http:\/\/875jahrekirchgoens.de\/index.php?rest_route=%2Fwp%2Fv2%2Fmedia&parent=16781"}],"wp:term":[{"taxonomy":"category","embeddable":true,"href":"http:\/\/875jahrekirchgoens.de\/index.php?rest_route=%2Fwp%2Fv2%2Fcategories&post=16781"},{"taxonomy":"post_tag","embeddable":true,"href":"http:\/\/875jahrekirchgoens.de\/index.php?rest_route=%2Fwp%2Fv2%2Ftags&post=16781"}],"curies":[{"name":"wp","href":"https:\/\/api.w.org\/{rel}","templated":true}]}}