{"id":16786,"date":"2017-08-02T18:58:00","date_gmt":"2017-08-02T18:58:00","guid":{"rendered":"https:\/\/875jahrekirchgoens.de\/?p=16786"},"modified":"2025-11-09T18:58:51","modified_gmt":"2025-11-09T18:58:51","slug":"das-kirch-goenser-urgestein-erwin-ebel-feierte-90-geburtstag","status":"publish","type":"post","link":"http:\/\/875jahrekirchgoens.de\/?p=16786","title":{"rendered":"Das Kirch-G\u00f6nser Urgestein Erwin Ebel feierte 90. Geburtstag"},"content":{"rendered":"\n<p>Seinen 90. Geburtstag feierte gestern das Kirch-G\u00f6nser Urgestein Erwin Ebel im Kreise seiner Familie, Verwandten, Freunden und Nachbarn. Dem Jubilar gratulierten Ehefrau Loni sowie drei T\u00f6chter, zwei Schwiegers\u00f6hne, drei Enkel und sechs Urenkel. Zum Gratulieren waren auch Pfarrer William Thum, B\u00fcrgermeister Michael Merle, Stadtr\u00e4tin Ilka Thum und Ortsvorsteher Stefan Euler gekommen. Den Gl\u00fcckw\u00fcnschen schlie\u00dft sich die BZ an, die Erwin Webel auch heute noch jeden Tag ausf\u00fchrlich liest. Erwin Ebel kann auf ein sehr ereignisreiches Leben zur\u00fcckblicken, in dem sich auch neunzig Jahre deutscher Geschichte spiegeln. In all den Jahren hat er sich f\u00fcr seine Kirch-G\u00f6nser Mitb\u00fcrger in verschiedenen Funktionen mit Erfolg eingesetzt. In der politisch und wirtschaftlich schwierigen Zeit der Weimarer Republik wurde er im Jahre 1927 als zweiter Sohn der Landwirtseheleute Wilhelm und Katharina Ebel geboren. W\u00e4hrend der Nazizeit besuchte er die \u00f6rtliche Volksschule und erlernte im elterlichen Betrieb die Landwirtschaft. Der Kirch-G\u00f6nser Feuerwehr geh\u00f6rt Erwin Ebel seit 1942 an und musste im Rahmen der Hitler-Jugendfeuerwehr damals schon Eins\u00e4tze in Frankfurt\/Main nach Bombenangriffen absolvieren, da die meisten erwachsenen M\u00e4nner im Fronteinsatz waren. Achtzehn Jahre wirkte er im Vorstand der Feuerwehr und schon 1966 wurde ihm f\u00fcr sein herausragendes Engagement das Brandschutzehrenzeichen verliehen. Krieg und anschlie\u00dfende Gefangenschaft lernte Erwin Ebel als Siebzehnj\u00e4hriger nach seiner Einberufung zur Wehrmacht kennen, kam aber unversehrt nach Kirch-G\u00f6ns zur\u00fcck und arbeitete wieder im landwirtschaftlichen Betrieb seiner Eltern. Nach dem Zweiten Weltkrieg und der anschlie\u00dfenden Teilung Deutschlands arbeitete er wieder als Landwirt und heiratete 1951 Loni Eckhard, mit der er 2016 das seltene Fest der eisernen Hochzeit feiern konnte. Engagiert hat sich Erwin Ebel schon fr\u00fch f\u00fcr seinen Berufsstand. Von 1952 bis 1975 war er Ortslandwirt und geh\u00f6rte dem Vorstand des Kreisbauernverbandes sowie der Sch\u00e4tzungskommission f\u00fcr landwirtschaftliche Umsatzsteuerberichtbetriebe an. Als leidenschaftlicher Landwirt war es selbstverst\u00e4ndlich, dass er im Vorstand der landwirtschaftlichen Bezugs- und Absatzgenossenschaft mitarbeitete und wesentlichen Anteil am Bau der Genossenschaftshalle hatte. Er war auch Gr\u00fcndungsmitglieder der Jagd- und der Gefriergenossenschaft. Politisch war Erwin Ebel ebenfalls t\u00e4tig, war Gemeindebeigeordneter von 1956 \u2013 1972 f\u00fcr die \u00dcberparteiliche W\u00e4hlergemeinschaft. Ein besonderes Kapitel in seinem Leben ist Verbundenheit mit Kirch-G\u00f6nser Ortsvereinen. So ist er auch seit \u00fcber 70 Jahren Mitglied des \u00f6rtlichen Gesangsvereins, in dessen Reihen er jahrzehntelang als Tenor wirkte. Hierf\u00fcr wurde er mit der Ehrennadel des H\u00fcttenberg-Schiffenberger S\u00e4ngerbundes und der Goldenen Vereinsnadel ausgezeichnet. Auch der oberhessische Dialekt hatte es ihm schon seit fr\u00fcher Jugend angetan, er geh\u00f6rte lange zum Kreis des bekannten Heimatforschers Georg Hess aus Leihgestern und hat noch heute viele Mundartgedichte im Kopf. Im Jahre 1983 ging Erwin Ebel in Rente, wirkte aber noch mehrere Jahre als Betreuer von Sp\u00e4taussiedlern. Sein vielseitiges und erfolgreiches Engagement f\u00fcr seine Mitb\u00fcrger wurde im Jahre 1998 mit der Verleihung des Landesehrenbriefes gew\u00fcrdigt.<\/p>\n\n\n<div class=\"wp-block-image\">\n<figure class=\"aligncenter size-full\"><img loading=\"lazy\" decoding=\"async\" width=\"500\" height=\"359\" src=\"https:\/\/875jahrekirchgoens.de\/wp-content\/uploads\/2025\/11\/grafik-59.png\" alt=\"\" class=\"wp-image-16787\" srcset=\"http:\/\/875jahrekirchgoens.de\/wp-content\/uploads\/2025\/11\/grafik-59.png 500w, http:\/\/875jahrekirchgoens.de\/wp-content\/uploads\/2025\/11\/grafik-59-300x215.png 300w\" sizes=\"auto, (max-width: 500px) 100vw, 500px\" \/><\/figure><\/div>\n\n\n<p class=\"has-text-align-center\">90 Jahre alt wurde gestern Erwin Ebel, hier mit seiner <br>Ehefrau Loni und den T\u00f6chtern (v. l.) Monika, Marita und Christina.<br> Im Hintergrund (v. l.) Stefan Euler, William Thum und B\u00fcrgermeister Michael Merle.<\/p>\n\n\n\n<p>Quelle und Bild: Butzbacher Zeitung vom 2. August 2017<\/p>\n","protected":false},"excerpt":{"rendered":"<p>Seinen 90. Geburtstag feierte gestern das Kirch-G\u00f6nser Urgestein Erwin Ebel im Kreise seiner Familie, Verwandten, Freunden und Nachbarn. Dem Jubilar gratulierten Ehefrau Loni sowie drei T\u00f6chter, zwei Schwiegers\u00f6hne, drei Enkel und sechs Urenkel. Zum Gratulieren waren auch Pfarrer William Thum, B\u00fcrgermeister Michael Merle, Stadtr\u00e4tin Ilka Thum und Ortsvorsteher Stefan Euler gekommen. Den Gl\u00fcckw\u00fcnschen schlie\u00dft sich &#8230; <a title=\"Das Kirch-G\u00f6nser Urgestein Erwin Ebel feierte 90. Geburtstag\" class=\"read-more\" href=\"http:\/\/875jahrekirchgoens.de\/?p=16786\" aria-label=\"Mehr Informationen \u00fcber Das Kirch-G\u00f6nser Urgestein Erwin Ebel feierte 90. Geburtstag\">Weiterlesen<\/a><\/p>\n","protected":false},"author":1,"featured_media":0,"comment_status":"closed","ping_status":"open","sticky":false,"template":"","format":"standard","meta":{"footnotes":""},"categories":[1],"tags":[],"class_list":["post-16786","post","type-post","status-publish","format-standard","hentry","category-infos"],"_links":{"self":[{"href":"http:\/\/875jahrekirchgoens.de\/index.php?rest_route=\/wp\/v2\/posts\/16786","targetHints":{"allow":["GET"]}}],"collection":[{"href":"http:\/\/875jahrekirchgoens.de\/index.php?rest_route=\/wp\/v2\/posts"}],"about":[{"href":"http:\/\/875jahrekirchgoens.de\/index.php?rest_route=\/wp\/v2\/types\/post"}],"author":[{"embeddable":true,"href":"http:\/\/875jahrekirchgoens.de\/index.php?rest_route=\/wp\/v2\/users\/1"}],"replies":[{"embeddable":true,"href":"http:\/\/875jahrekirchgoens.de\/index.php?rest_route=%2Fwp%2Fv2%2Fcomments&post=16786"}],"version-history":[{"count":1,"href":"http:\/\/875jahrekirchgoens.de\/index.php?rest_route=\/wp\/v2\/posts\/16786\/revisions"}],"predecessor-version":[{"id":16788,"href":"http:\/\/875jahrekirchgoens.de\/index.php?rest_route=\/wp\/v2\/posts\/16786\/revisions\/16788"}],"wp:attachment":[{"href":"http:\/\/875jahrekirchgoens.de\/index.php?rest_route=%2Fwp%2Fv2%2Fmedia&parent=16786"}],"wp:term":[{"taxonomy":"category","embeddable":true,"href":"http:\/\/875jahrekirchgoens.de\/index.php?rest_route=%2Fwp%2Fv2%2Fcategories&post=16786"},{"taxonomy":"post_tag","embeddable":true,"href":"http:\/\/875jahrekirchgoens.de\/index.php?rest_route=%2Fwp%2Fv2%2Ftags&post=16786"}],"curies":[{"name":"wp","href":"https:\/\/api.w.org\/{rel}","templated":true}]}}