{"id":16790,"date":"2017-08-16T19:03:00","date_gmt":"2017-08-16T19:03:00","guid":{"rendered":"https:\/\/875jahrekirchgoens.de\/?p=16790"},"modified":"2025-11-09T19:04:06","modified_gmt":"2025-11-09T19:04:06","slug":"aus-reparatur-wurde-generalsanierung","status":"publish","type":"post","link":"http:\/\/875jahrekirchgoens.de\/?p=16790","title":{"rendered":"Aus Reparatur wurde Generalsanierung"},"content":{"rendered":"\n<p>Ausschuss im Kindergarten Kirch-G\u00f6ns \/ \u201eEigentlich nur Grundmauern stehen geblieben\u201c<\/p>\n\n\n\n<p>Im ersten Teil seiner Sitzung informierte sich der st\u00e4dtische Sozialausschuss im Kindergarten Kirch-G\u00f6ns \u00fcber die aktuelle Situation nach der notwendigen Generalsanierung des Geb\u00e4udes und seiner Au\u00dfenanlagen, wobei man sich bei den Planungen im Vorfeld eigentlich lediglich auf \u201eReparaturma\u00dfnahmen\u201c eingestellt hatte. Die Leiterin der Kindertagesst\u00e4tte, Silke Bolz Lowak, stellten den Ausschussmitgliedern den sanierten Neubau vor und ging auch auf das besondere p\u00e4dagogische Konzept des Kirch-G\u00f6nser Kindergartens ein. Sehr helle, freundliche Farben begr\u00fc\u00dfen die Mitglieder des Gremiums bereits im weitl\u00e4ufig frei gestalteten Eingangsbereich mit einer zentralen Sitzgelegenheit, wo die Leiterin das neue offene Garderobenprinzip mit geometrischen Erkennungsfiguren erl\u00e4uterte \u2013 besonders geeignet nat\u00fcrlich f\u00fcr Kleinkinder, die noch keine Buchstaben oder geschriebenen Namen kennen. Wie Bolz-Lowak mitteilte, werde jetzt noch ein Name f\u00fcr den neuen Kindergarten gesucht; es gebe schon einen \u2013 allerdings noch \u201egeheimen\u201c \u2013 Vorschlag des Personals, der acht Erzieherinnen in Teilzeit (plus einer Hauswirtschaftskraft). Bis Ende des Jahres werde man vollbelegt sein mit dann zehn U3-Krabbelkindern und 50 U3-Kindern. Der helle, farbig-freundliche Eindruck setzt sich auch in den weiteren R\u00e4umen der Anlage fort, die gekennzeichnet ist durch weite, offene Fl\u00e4chen, die je nach Bedarf flexibel abgetrennt werden k\u00f6nnen. So finde das t\u00e4gliche, viel gelobte Mittagsessen \u2013 mit drei Wahlmen\u00fcs von der Zang GmbH aus Heuchelheim frisch angeliefert \u2013 getrennt in Altersgruppen statt. Bolz-Lowak und ihre Mitarbeiterinnen bevorzugen in ihrem p\u00e4dagogischen Konzept eine Alterstrennung, die sie als kindorientiert und kindgerecht beurteilen. \u201eEin Miteinander in der Auseinandersetzung mit Gleichaltrigen ist wichtig f\u00fcr den sp\u00e4teren \u00dcbergang in die Schule\u201c stellte die Leiterin fest. Auch die Spielmaterialien und das unterschiedliche hohe Mobiliar sind altersbedingt alternativ vorhanden. Bei Bedarf allerdings seien alle R\u00e4ume offen und die Altersgruppen k\u00f6nnten sich dann mischen. Ein \u201eEckpfleiler\u201c der Einrichtung in Kirch-G\u00f6ns sei die Besch\u00e4ftigung der Kinder mit der Welt der Indianer, mit ihrer Naturverbundenheit und der Sicht der Tierwelt. Dazu gibt es im mit unterschiedlichen Pflasterfarben neu gestalteten Au\u00dfenbereich ein Indianer-Tipi mit Feuerstelle. Ein weiteres Thema in der Arbeit mit den Kindern seien die Vermittlung von neuen Blickwinkeln und Perspektiven auf Bilder und Kunstobjekte. Im weiteren Fortgang der Ausschusstagung im B\u00fcrgertreff in Pohl-G\u00f6ns legte BWG-Gesch\u00e4ftsf\u00fchrer Alexander Kartmann, in Erg\u00e4nzung zum ersten Punkt der Tagesordnung mit dem Besuch der Kindertagesst\u00e4tte, m\u00fcndlich eine erste Bilanz zu der \u2013 wie der Referent es bezeichnete \u2013 \u201eGeneralsanierung\u201c des Kirch-G\u00f6nser Kindergartens vor. Wie Kartmann skizzierte, habe es vor und zu Beginn, als zun\u00e4chst nur Reparaturma\u00dfnahmen am und im Geb\u00e4ude und den Au\u00dfenanlagen vorgesehen gewesen seien, eine Reihe offener Fragen gegeben. Bald habe das Projekt eine \u201eEigendynamik\u201c entwickelt. Im Laufe der Pr\u00fcfung des Geb\u00e4udes habe man danach schrittweise eine zweifellos notwendige Grundsanierung vorgenommen, um \u201eN\u00e4gel mit K\u00f6pfen zu machen\u201c und eine zukunftsf\u00e4hige L\u00f6sung zu schaffen. So habe man unter anderen das vorhandene Dach komplett ersetzen m\u00fcssen und die Heizung vollst\u00e4ndig ausgetauscht. Aus Umweltgr\u00fcnden und einer deutlich zu erwartenden Kosten-Einsparung beim Betrieb habe man die letztere Ma\u00dfnahme, die urspr\u00fcnglich nicht eingeplant gewesen sein, vorgenommen. \u201eEigentlich sind nur die Grundmauern des Kindergartens stehen geblieben\u201c, unterstrich der BWG-Gesch\u00e4ftsf\u00fchrer, der anmerkte, dass so die gesamte Bauma\u00dfnahme einen l\u00e4nger als geplanten Zeitraum in Anspruch genommen haben; hierf\u00fcr seien daneben auch Verz\u00f6gerungen durch derzeit stark ausgelastete Baufirmen verantwortlich gewesen. Die Kosten f\u00fcr die gesamte Bauma\u00dfnahme seien von urspr\u00fcnglich veranschlagten 660 000 Euro \u2013 nur f\u00fcr Reparaturarbeiten \u2013 jetzt am Ende auf etwa 860 000 Euro f\u00fcr die Generalsanierung angestiegen. B\u00fcrgermeister Michael Merle erg\u00e4nzte, dass die jetzige Grundschule (fr\u00fchere MPS) deutlich teurer geworden w\u00e4re. Die Stadt sei im Verlauf des Projekts stellenweise \u201eheilfroh\u201c gewesen, \u00fcberhaupt noch Unternehmen f\u00fcr die notwendigen Arbeiten zu finden; daneben habe ein teilweise verregneter Sommer zu den Zeitverz\u00f6gerungen gef\u00fchrt.<\/p>\n\n\n<div class=\"wp-block-image\">\n<figure class=\"aligncenter size-full\"><img loading=\"lazy\" decoding=\"async\" width=\"768\" height=\"521\" src=\"https:\/\/875jahrekirchgoens.de\/wp-content\/uploads\/2025\/11\/grafik-60.png\" alt=\"\" class=\"wp-image-16791\" srcset=\"http:\/\/875jahrekirchgoens.de\/wp-content\/uploads\/2025\/11\/grafik-60.png 768w, http:\/\/875jahrekirchgoens.de\/wp-content\/uploads\/2025\/11\/grafik-60-300x204.png 300w\" sizes=\"auto, (max-width: 768px) 100vw, 768px\" \/><\/figure><\/div>\n\n\n<p class=\"has-text-align-center\">Die Leiterin des Kindergarten Kirch-G\u00f6ns, Silke Bolz-Lowak, stellte am Montagabend <br>dem st\u00e4dtischen Ausschuss f\u00fcr Jugend, Kultur, Soziales, B\u00fcrgeranfragen und Sport <br>ihre grundlegend sanierte neue Einrichtung vor und <br>informierte das Gremium auch \u00fcber das p\u00e4dagogische Konzept.<\/p>\n\n\n\n<p> Quelle und Bild: Butzbacher Zeitung vom 16. August 2017<\/p>\n","protected":false},"excerpt":{"rendered":"<p>Ausschuss im Kindergarten Kirch-G\u00f6ns \/ \u201eEigentlich nur Grundmauern stehen geblieben\u201c Im ersten Teil seiner Sitzung informierte sich der st\u00e4dtische Sozialausschuss im Kindergarten Kirch-G\u00f6ns \u00fcber die aktuelle Situation nach der notwendigen Generalsanierung des Geb\u00e4udes und seiner Au\u00dfenanlagen, wobei man sich bei den Planungen im Vorfeld eigentlich lediglich auf \u201eReparaturma\u00dfnahmen\u201c eingestellt hatte. Die Leiterin der Kindertagesst\u00e4tte, Silke &#8230; <a title=\"Aus Reparatur wurde Generalsanierung\" class=\"read-more\" href=\"http:\/\/875jahrekirchgoens.de\/?p=16790\" aria-label=\"Mehr Informationen \u00fcber Aus Reparatur wurde Generalsanierung\">Weiterlesen<\/a><\/p>\n","protected":false},"author":1,"featured_media":0,"comment_status":"closed","ping_status":"open","sticky":false,"template":"","format":"standard","meta":{"footnotes":""},"categories":[1],"tags":[],"class_list":["post-16790","post","type-post","status-publish","format-standard","hentry","category-infos"],"_links":{"self":[{"href":"http:\/\/875jahrekirchgoens.de\/index.php?rest_route=\/wp\/v2\/posts\/16790","targetHints":{"allow":["GET"]}}],"collection":[{"href":"http:\/\/875jahrekirchgoens.de\/index.php?rest_route=\/wp\/v2\/posts"}],"about":[{"href":"http:\/\/875jahrekirchgoens.de\/index.php?rest_route=\/wp\/v2\/types\/post"}],"author":[{"embeddable":true,"href":"http:\/\/875jahrekirchgoens.de\/index.php?rest_route=\/wp\/v2\/users\/1"}],"replies":[{"embeddable":true,"href":"http:\/\/875jahrekirchgoens.de\/index.php?rest_route=%2Fwp%2Fv2%2Fcomments&post=16790"}],"version-history":[{"count":1,"href":"http:\/\/875jahrekirchgoens.de\/index.php?rest_route=\/wp\/v2\/posts\/16790\/revisions"}],"predecessor-version":[{"id":16792,"href":"http:\/\/875jahrekirchgoens.de\/index.php?rest_route=\/wp\/v2\/posts\/16790\/revisions\/16792"}],"wp:attachment":[{"href":"http:\/\/875jahrekirchgoens.de\/index.php?rest_route=%2Fwp%2Fv2%2Fmedia&parent=16790"}],"wp:term":[{"taxonomy":"category","embeddable":true,"href":"http:\/\/875jahrekirchgoens.de\/index.php?rest_route=%2Fwp%2Fv2%2Fcategories&post=16790"},{"taxonomy":"post_tag","embeddable":true,"href":"http:\/\/875jahrekirchgoens.de\/index.php?rest_route=%2Fwp%2Fv2%2Ftags&post=16790"}],"curies":[{"name":"wp","href":"https:\/\/api.w.org\/{rel}","templated":true}]}}