{"id":16802,"date":"2017-11-23T19:13:00","date_gmt":"2017-11-23T19:13:00","guid":{"rendered":"https:\/\/875jahrekirchgoens.de\/?p=16802"},"modified":"2025-11-09T19:14:22","modified_gmt":"2025-11-09T19:14:22","slug":"den-gestrigen-buss-und-bettag-beginn-in-der-kirche","status":"publish","type":"post","link":"http:\/\/875jahrekirchgoens.de\/?p=16802","title":{"rendered":"Den gestrigen Bu\u00df- und Bettag beginn in der Kirche \u2026"},"content":{"rendered":"\n<figure class=\"wp-block-image size-full\"><img loading=\"lazy\" decoding=\"async\" width=\"1022\" height=\"734\" src=\"https:\/\/875jahrekirchgoens.de\/wp-content\/uploads\/2025\/11\/grafik-63.png\" alt=\"\" class=\"wp-image-16803\" srcset=\"http:\/\/875jahrekirchgoens.de\/wp-content\/uploads\/2025\/11\/grafik-63.png 1022w, http:\/\/875jahrekirchgoens.de\/wp-content\/uploads\/2025\/11\/grafik-63-300x215.png 300w, http:\/\/875jahrekirchgoens.de\/wp-content\/uploads\/2025\/11\/grafik-63-768x552.png 768w\" sizes=\"auto, (max-width: 1022px) 100vw, 1022px\" \/><\/figure>\n\n\n\n<p>von Kirch-G\u00f6ns die evangelische Kirchengemeinde Kirch-\/Pohl-G\u00f6ns mit einem Gottesdienst und anschlie\u00dfendem Abendmahl. Pfarrer William Thum lud im Anschluss die Gemeinde zu einem gemeinsamen Fr\u00fchst\u00fcck in das B\u00fcrgerhaus von Kirch-G\u00f6ns ein. Die Gottesdienste finden jedes Jahr im Wechsel zwischen Kirch- und Pohl-G\u00f6ns statt. Der Bu\u00df- und Bettag, der 1995 in Hessen als Feiertag abgeschafft wurde, geht auf Notzeiten zur\u00fcck. Angesichts von Notst\u00e4nden und Gefahren wurde die Bev\u00f6lkerung zu Umkehr und Gebet aufgerufen.<\/p>\n\n\n\n<p>Quelle und Bilder: Butzbacher Zeitung vom 23. November 2017<\/p>\n","protected":false},"excerpt":{"rendered":"<p>von Kirch-G\u00f6ns die evangelische Kirchengemeinde Kirch-\/Pohl-G\u00f6ns mit einem Gottesdienst und anschlie\u00dfendem Abendmahl. Pfarrer William Thum lud im Anschluss die Gemeinde zu einem gemeinsamen Fr\u00fchst\u00fcck in das B\u00fcrgerhaus von Kirch-G\u00f6ns ein. Die Gottesdienste finden jedes Jahr im Wechsel zwischen Kirch- und Pohl-G\u00f6ns statt. Der Bu\u00df- und Bettag, der 1995 in Hessen als Feiertag abgeschafft wurde, geht &#8230; <a title=\"Den gestrigen Bu\u00df- und Bettag beginn in der Kirche \u2026\" class=\"read-more\" href=\"http:\/\/875jahrekirchgoens.de\/?p=16802\" aria-label=\"Mehr Informationen \u00fcber Den gestrigen Bu\u00df- und Bettag beginn in der Kirche \u2026\">Weiterlesen<\/a><\/p>\n","protected":false},"author":1,"featured_media":0,"comment_status":"closed","ping_status":"open","sticky":false,"template":"","format":"standard","meta":{"footnotes":""},"categories":[1],"tags":[],"class_list":["post-16802","post","type-post","status-publish","format-standard","hentry","category-infos"],"_links":{"self":[{"href":"http:\/\/875jahrekirchgoens.de\/index.php?rest_route=\/wp\/v2\/posts\/16802","targetHints":{"allow":["GET"]}}],"collection":[{"href":"http:\/\/875jahrekirchgoens.de\/index.php?rest_route=\/wp\/v2\/posts"}],"about":[{"href":"http:\/\/875jahrekirchgoens.de\/index.php?rest_route=\/wp\/v2\/types\/post"}],"author":[{"embeddable":true,"href":"http:\/\/875jahrekirchgoens.de\/index.php?rest_route=\/wp\/v2\/users\/1"}],"replies":[{"embeddable":true,"href":"http:\/\/875jahrekirchgoens.de\/index.php?rest_route=%2Fwp%2Fv2%2Fcomments&post=16802"}],"version-history":[{"count":1,"href":"http:\/\/875jahrekirchgoens.de\/index.php?rest_route=\/wp\/v2\/posts\/16802\/revisions"}],"predecessor-version":[{"id":16804,"href":"http:\/\/875jahrekirchgoens.de\/index.php?rest_route=\/wp\/v2\/posts\/16802\/revisions\/16804"}],"wp:attachment":[{"href":"http:\/\/875jahrekirchgoens.de\/index.php?rest_route=%2Fwp%2Fv2%2Fmedia&parent=16802"}],"wp:term":[{"taxonomy":"category","embeddable":true,"href":"http:\/\/875jahrekirchgoens.de\/index.php?rest_route=%2Fwp%2Fv2%2Fcategories&post=16802"},{"taxonomy":"post_tag","embeddable":true,"href":"http:\/\/875jahrekirchgoens.de\/index.php?rest_route=%2Fwp%2Fv2%2Ftags&post=16802"}],"curies":[{"name":"wp","href":"https:\/\/api.w.org\/{rel}","templated":true}]}}