{"id":16814,"date":"2016-12-13T10:46:00","date_gmt":"2016-12-13T10:46:00","guid":{"rendered":"https:\/\/875jahrekirchgoens.de\/?p=16814"},"modified":"2025-11-10T10:47:47","modified_gmt":"2025-11-10T10:47:47","slug":"atmosphaere-unter-10-000-lichtern","status":"publish","type":"post","link":"http:\/\/875jahrekirchgoens.de\/?p=16814","title":{"rendered":"Atmosph\u00e4re unter 10 000 Lichtern"},"content":{"rendered":"\n<p><em>Spender erm\u00f6glichen unter anderem Kinderprogramm in Kirch-G\u00f6ns<\/em><\/p>\n\n\n\n<p>Viele Besucher kam zum kleinen gem\u00fctlichen Weihnachtsmarkt nach Kirch-G\u00f6ns vor und im B\u00fcrgerhaus, der Kirche und dem historischen Backhaus. Vor allem nach Einbruch der D\u00e4mmerung war es besonders sch\u00f6n, unter dem Sternenhimmel mit 10 000 Lichtern zu feiern und sich auf die kommenden Feststage einstimmen zu lassen. Nach Dem Gottesdienst mit Pfarrer William Thum nahm der Tag mit der musikalischen Er\u00f6ffnung mit \u201eMichael und Friends\u201c seinen offiziellen Beginn. Michael Thate, Frank Mader und Dominik Ratz \u2013 alle mit Trompete \u2013 sowie Lukas Brandenburger mit Saxophon sorgten mit ihren St\u00e4ndchen bereits zu Beginn f\u00fcr gute Laune. Die Verkaufsst\u00e4nde und Buden waren ge\u00f6ffnet, das Kinderkarussell drehte seine Runden kostenfrei f\u00fcr die Kinder. Die Kinder waren vom Kinderschminken im B\u00fcrgerhaus und der Vorlesestunde in der Kirche mit Pfarrer Thum begeistert. Au\u00dfen am Lagerfeuer neben der Kirche gab es Stockbrot vom Ortsvorsteher Stefan Euler und dem Vorsitzenden der IG Kirch-G\u00f6ns Michael Tiedemann. Als der Nikolaus zum Backhaus kam und Geschenke an die Kleinen verteilte, war der Jubel nicht zu \u00fcberh\u00f6ren. Aber auch f\u00fcr die Erwachsenen gab es keine Langeweile. Ein gem\u00fctlicher Bummel durch die kleine Budenstadt mit Kunsthandwerk hat sich f\u00fcr viele gelohnt. Da wurde noch das eine oder andere Weihnachtsgeschenk mitgenommen. Die Auswahl zwischen Holzdekoration, Schmuck und Weihnachtskarten war gro\u00df. Neben der \u00fcppigen Auswahl an vielf\u00e4ltigem Kunsthandwerk, Honig- und Bienenwachsprodukten lie\u00dfen auch die kulinarischen Spezialit\u00e4ten nichts zu w\u00fcnschen \u00fcbrig, so Lachs, Rentiereintopf, \u201eM\u00e4uslaibchen\u201c, marokkanische Leckereien oder Currywurst mit Pommes. Zus\u00e4tzlich gab es Waffeln und zur Kaffeezeit das gro\u00dfe Kuchenbuffet im B\u00fcrgerhaus. Zu den H\u00f6hepunkten z\u00e4hlte auch das kleine Konzert in der Kirche zu dem der Gospelchor \u201eLet it shine\u201c eingeladen hatte. Die Zuh\u00f6rer waren vom schwungvollen Gesang unter der Chorleitung von Theresa Heinz begeistert. Ein Lob galt dem Organisationsteam der 27. Markt-Auflage mit Andr\u00e9 F. Cannon, Markus Haub, Christian Mack, Sebastian Quester, Michael Raschke, Michael Wellner und Mario Wilhelm. Sie bedankten sich vor allem bei den vielen Spendern f\u00fcr die Unterst\u00fctzung des Weihnachtsmarktes, ohne die die vielen Kinderaktivit\u00e4ten nicht m\u00f6glich sind.<\/p>\n\n\n\n<figure class=\"wp-block-image size-full\"><img loading=\"lazy\" decoding=\"async\" width=\"1021\" height=\"732\" src=\"https:\/\/875jahrekirchgoens.de\/wp-content\/uploads\/2025\/11\/grafik-66.png\" alt=\"\" class=\"wp-image-16815\" srcset=\"http:\/\/875jahrekirchgoens.de\/wp-content\/uploads\/2025\/11\/grafik-66.png 1021w, http:\/\/875jahrekirchgoens.de\/wp-content\/uploads\/2025\/11\/grafik-66-300x215.png 300w, http:\/\/875jahrekirchgoens.de\/wp-content\/uploads\/2025\/11\/grafik-66-768x551.png 768w\" sizes=\"auto, (max-width: 1021px) 100vw, 1021px\" \/><\/figure>\n\n\n\n<figure class=\"wp-block-table\"><table class=\"has-fixed-layout\"><tbody><tr><td>Mit der musikalischen Er\u00f6ffnung vom \u201eMichel an Friends\u201c nahm der Kirch-G\u00f6nser Weihnachtsmarkt seinen offiziellen Beginn (o. l.). Auf dem Platz zwischen Backhaus, Kirche und B\u00fcrgerhaus herrschte Hochbetrieb (o. r.). Das Kinderkarussell dreht seine Runden wieder kostenfrei f\u00fcr die Kinder (u. l.). Zu den H\u00f6hepunkte z\u00e4hlte auch das kleinere Konzert in der Kirche, zu dem der Gospelchor \u201eLet it shine\u201c eingeladen hatte (u. r.). \u00a0<\/td><\/tr><\/tbody><\/table><\/figure>\n\n\n\n<p>Quelle und Bilder: Butzbacher Zeitung vom 13. Dezember 2016<\/p>\n","protected":false},"excerpt":{"rendered":"<p>Spender erm\u00f6glichen unter anderem Kinderprogramm in Kirch-G\u00f6ns Viele Besucher kam zum kleinen gem\u00fctlichen Weihnachtsmarkt nach Kirch-G\u00f6ns vor und im B\u00fcrgerhaus, der Kirche und dem historischen Backhaus. Vor allem nach Einbruch der D\u00e4mmerung war es besonders sch\u00f6n, unter dem Sternenhimmel mit 10 000 Lichtern zu feiern und sich auf die kommenden Feststage einstimmen zu lassen. Nach &#8230; <a title=\"Atmosph\u00e4re unter 10 000 Lichtern\" class=\"read-more\" href=\"http:\/\/875jahrekirchgoens.de\/?p=16814\" aria-label=\"Mehr Informationen \u00fcber Atmosph\u00e4re unter 10 000 Lichtern\">Weiterlesen<\/a><\/p>\n","protected":false},"author":1,"featured_media":0,"comment_status":"closed","ping_status":"open","sticky":false,"template":"","format":"standard","meta":{"footnotes":""},"categories":[1],"tags":[],"class_list":["post-16814","post","type-post","status-publish","format-standard","hentry","category-infos"],"_links":{"self":[{"href":"http:\/\/875jahrekirchgoens.de\/index.php?rest_route=\/wp\/v2\/posts\/16814","targetHints":{"allow":["GET"]}}],"collection":[{"href":"http:\/\/875jahrekirchgoens.de\/index.php?rest_route=\/wp\/v2\/posts"}],"about":[{"href":"http:\/\/875jahrekirchgoens.de\/index.php?rest_route=\/wp\/v2\/types\/post"}],"author":[{"embeddable":true,"href":"http:\/\/875jahrekirchgoens.de\/index.php?rest_route=\/wp\/v2\/users\/1"}],"replies":[{"embeddable":true,"href":"http:\/\/875jahrekirchgoens.de\/index.php?rest_route=%2Fwp%2Fv2%2Fcomments&post=16814"}],"version-history":[{"count":1,"href":"http:\/\/875jahrekirchgoens.de\/index.php?rest_route=\/wp\/v2\/posts\/16814\/revisions"}],"predecessor-version":[{"id":16816,"href":"http:\/\/875jahrekirchgoens.de\/index.php?rest_route=\/wp\/v2\/posts\/16814\/revisions\/16816"}],"wp:attachment":[{"href":"http:\/\/875jahrekirchgoens.de\/index.php?rest_route=%2Fwp%2Fv2%2Fmedia&parent=16814"}],"wp:term":[{"taxonomy":"category","embeddable":true,"href":"http:\/\/875jahrekirchgoens.de\/index.php?rest_route=%2Fwp%2Fv2%2Fcategories&post=16814"},{"taxonomy":"post_tag","embeddable":true,"href":"http:\/\/875jahrekirchgoens.de\/index.php?rest_route=%2Fwp%2Fv2%2Ftags&post=16814"}],"curies":[{"name":"wp","href":"https:\/\/api.w.org\/{rel}","templated":true}]}}