{"id":16834,"date":"2017-03-25T11:12:00","date_gmt":"2017-03-25T11:12:00","guid":{"rendered":"https:\/\/875jahrekirchgoens.de\/?p=16834"},"modified":"2025-11-10T11:13:20","modified_gmt":"2025-11-10T11:13:20","slug":"abschiede-aus-dem-vorstand","status":"publish","type":"post","link":"http:\/\/875jahrekirchgoens.de\/?p=16834","title":{"rendered":"Abschiede aus dem Vorstand"},"content":{"rendered":"\n<p><em>Hauptversammlung \u2013 Neuwahlen beim Gesangverein 1862 erst 2018 \/ Gro\u00dfer Dank bei Ehrungen<\/em><\/p>\n\n\n\n<p>Neben Berichten standen Ehrungen im Mittelpunkt der Jahreshauptversammlung 1862 Kirch-G\u00f6ns in der Gastst\u00e4tte Maiwald. Vorsitzende Claudia Laiacker gedachte der verstorbenen langj\u00e4hrigen S\u00e4ngerin Emmi Becker, die fast 30 Jahre im Frauenchor und im gemischten Chor gesungen hatte. Moritz Otto, seit f\u00fcnf Jahren stellvertretender Vorsitzender, ist aus beruflichen Gr\u00fcnden von seinem Amt zur\u00fcckgetreten. Sein Amt wird bis zu den Neuwahlen im kommenden Jahr von Martina Tschentscher kommissarisch \u00fcbernommen. Aus gesundheitlichen Gr\u00fcnden trat Hanni Frischmuth von ihrem Amt im Vorstand zur\u00fcck. Sie wurde 1979 in den Vorstand gew\u00e4hlt und hatte von 1981 bis 2009 das Amt der stellvertretenden Vorsitzenden inne. Im Anschluss war sie drei Jahre Vorsitzende und seit 2012 noch immer als Beisitzer aktiv im Vorstand. Laiacker dankte ihr f\u00fcr 38 Jahre Vorstandsarbeit. Zum neuen Ehrenmitglied wurde Renate Misch ernannt. F\u00fcr 25-j\u00e4hrige Mitgliedschaft bekamen Siegfried Menk und Dieter Winter Urkunden. F\u00fcr regelm\u00e4\u00dfige Probenbesuche wurden Martina Tschentscher, Monika R\u00f6hrig, Dieter Hock, Claudia Laiacker, Ines Kneissl und Maria Schindler ausgezeichnet. Diter Hoch, der Vize-Chorleiter des Vereins, erhielt ebenso ein Geschenk wie Dirigentin Theresa Heinz. Im T\u00e4tigkeitsbericht lie\u00df die Vorsitzende zahlreiche Aktivit\u00e4ten des vergangenen Jahres Revue passieren. Die beiden Ch\u00f6re des Gesangvereins \u2013 der gemischte Chor und der Gospelchor \u201eLet it Shine\u201c \u2013 haben einige Auftritte absolviert und bei zahlreichen Veranstaltungen der befreundeten Kirch-G\u00f6nser Vereine mitgeholfen, zum Beispiel bei den Feiern von Turnverein und Feuerwehr sowie beim Ortspokalschie\u00dfen, als der Verein den vierten Platz belegte. Musikalisch hatte der gemischte Chor zu Beginn des Jahres die akademische Feier zum Jubil\u00e4um des Turnvereins mit zwei Liedern umrahmt, beim Fest der Feuerwehr und Kleintierz\u00fcchter im Gottesdienst gesungen und ist bei der Seniorenfeier und im Weihnachtsgottesdienst aufgetreten. Der Gospelchor ist ebenfalls mehrfach aufgetreten, unter anderem Bei einem Konzert der Sangesfreunde Kleebachtal in Oberkleen und bei den Weihnachtsm\u00e4rkten von Kirch-G\u00f6ns und Langg\u00f6ns. Es gab au\u00dferdem erstmals ein Proben-Wochenende im Taunus und drei Proben-Sonntage. Die eigenen Veranstaltungen, wie das wieder erfolgreiche Schlachtfest im Januar, aber auch das vereinsinterne Heringsessen und das Sommerfest im Juli nannte Laiacker. F\u00fcr beide Ch\u00f6re war das Highlight des Jahres das eigene Weihnachtskonzert in der ausverkauften evangelischen Kirche in Gambach, das zusammen mit dem Frauenchor aus H\u00fcttenberg, ebenfalls unter der Leitung von Heinz, und weiteren G\u00e4sten ein Erfolg war. Es folgte der Bericht des Kassieres Harald Eckhard, dessen einwandfreie Buchf\u00fchrung von den Kassenpr\u00fcfern Wilfried Schwarz und Martina Ilge best\u00e4tigt wurde. Bei der Neuwahl eines Kassenpr\u00fcfers wurde Siefried Menk einstimmig gew\u00e4hlt.<\/p>\n\n\n\n<figure class=\"wp-block-image size-large\"><img loading=\"lazy\" decoding=\"async\" width=\"1024\" height=\"244\" src=\"https:\/\/875jahrekirchgoens.de\/wp-content\/uploads\/2025\/11\/grafik-71-1024x244.png\" alt=\"\" class=\"wp-image-16835\" srcset=\"http:\/\/875jahrekirchgoens.de\/wp-content\/uploads\/2025\/11\/grafik-71-1024x244.png 1024w, http:\/\/875jahrekirchgoens.de\/wp-content\/uploads\/2025\/11\/grafik-71-300x71.png 300w, http:\/\/875jahrekirchgoens.de\/wp-content\/uploads\/2025\/11\/grafik-71-768x183.png 768w, http:\/\/875jahrekirchgoens.de\/wp-content\/uploads\/2025\/11\/grafik-71.png 1134w\" sizes=\"auto, (max-width: 1024px) 100vw, 1024px\" \/><\/figure>\n\n\n\n<p class=\"has-text-align-left\">  Dieter Winter (l.) und Siegfried Menk sind seit 25 Jahren                                                                        Aus dem Vorstand des Gesangverein Kirch-G\u00f6ns           Mitglied im Gesangerein. Renate Misch (3 v. l.) wurde zum                                                                     verabschiedete Claudia Laiacker (v. l.)           <br>Ehrenmitglied ernannt. Vorsitzende Claudia Laiacker                                                                                 Hanni Frischmuth und Moritz Otto         <br>gratulierte den Geehrten.                                                                                                                                                                                         <\/p>\n\n\n\n<p>Quelle und Bilder: Butzbacher Zeitung vom 25. M\u00e4rz 2017<\/p>\n","protected":false},"excerpt":{"rendered":"<p>Hauptversammlung \u2013 Neuwahlen beim Gesangverein 1862 erst 2018 \/ Gro\u00dfer Dank bei Ehrungen Neben Berichten standen Ehrungen im Mittelpunkt der Jahreshauptversammlung 1862 Kirch-G\u00f6ns in der Gastst\u00e4tte Maiwald. Vorsitzende Claudia Laiacker gedachte der verstorbenen langj\u00e4hrigen S\u00e4ngerin Emmi Becker, die fast 30 Jahre im Frauenchor und im gemischten Chor gesungen hatte. Moritz Otto, seit f\u00fcnf Jahren stellvertretender &#8230; <a title=\"Abschiede aus dem Vorstand\" class=\"read-more\" href=\"http:\/\/875jahrekirchgoens.de\/?p=16834\" aria-label=\"Mehr Informationen \u00fcber Abschiede aus dem Vorstand\">Weiterlesen<\/a><\/p>\n","protected":false},"author":1,"featured_media":0,"comment_status":"closed","ping_status":"open","sticky":false,"template":"","format":"standard","meta":{"footnotes":""},"categories":[1],"tags":[],"class_list":["post-16834","post","type-post","status-publish","format-standard","hentry","category-infos"],"_links":{"self":[{"href":"http:\/\/875jahrekirchgoens.de\/index.php?rest_route=\/wp\/v2\/posts\/16834","targetHints":{"allow":["GET"]}}],"collection":[{"href":"http:\/\/875jahrekirchgoens.de\/index.php?rest_route=\/wp\/v2\/posts"}],"about":[{"href":"http:\/\/875jahrekirchgoens.de\/index.php?rest_route=\/wp\/v2\/types\/post"}],"author":[{"embeddable":true,"href":"http:\/\/875jahrekirchgoens.de\/index.php?rest_route=\/wp\/v2\/users\/1"}],"replies":[{"embeddable":true,"href":"http:\/\/875jahrekirchgoens.de\/index.php?rest_route=%2Fwp%2Fv2%2Fcomments&post=16834"}],"version-history":[{"count":1,"href":"http:\/\/875jahrekirchgoens.de\/index.php?rest_route=\/wp\/v2\/posts\/16834\/revisions"}],"predecessor-version":[{"id":16836,"href":"http:\/\/875jahrekirchgoens.de\/index.php?rest_route=\/wp\/v2\/posts\/16834\/revisions\/16836"}],"wp:attachment":[{"href":"http:\/\/875jahrekirchgoens.de\/index.php?rest_route=%2Fwp%2Fv2%2Fmedia&parent=16834"}],"wp:term":[{"taxonomy":"category","embeddable":true,"href":"http:\/\/875jahrekirchgoens.de\/index.php?rest_route=%2Fwp%2Fv2%2Fcategories&post=16834"},{"taxonomy":"post_tag","embeddable":true,"href":"http:\/\/875jahrekirchgoens.de\/index.php?rest_route=%2Fwp%2Fv2%2Ftags&post=16834"}],"curies":[{"name":"wp","href":"https:\/\/api.w.org\/{rel}","templated":true}]}}