{"id":16847,"date":"2016-02-01T11:26:00","date_gmt":"2016-02-01T11:26:00","guid":{"rendered":"https:\/\/875jahrekirchgoens.de\/?p=16847"},"modified":"2025-11-10T11:27:31","modified_gmt":"2025-11-10T11:27:31","slug":"zum-schlachtfest-in-das-kirch-goenser-buergerhaus","status":"publish","type":"post","link":"http:\/\/875jahrekirchgoens.de\/?p=16847","title":{"rendered":"Zum Schlachtfest in das Kirch-G\u00f6nser B\u00fcrgerhaus \u2026"},"content":{"rendered":"\n<figure class=\"wp-block-image size-full\"><img loading=\"lazy\" decoding=\"async\" width=\"1024\" height=\"393\" src=\"https:\/\/875jahrekirchgoens.de\/wp-content\/uploads\/2025\/11\/grafik-75.png\" alt=\"\" class=\"wp-image-16848\" srcset=\"http:\/\/875jahrekirchgoens.de\/wp-content\/uploads\/2025\/11\/grafik-75.png 1024w, http:\/\/875jahrekirchgoens.de\/wp-content\/uploads\/2025\/11\/grafik-75-300x115.png 300w, http:\/\/875jahrekirchgoens.de\/wp-content\/uploads\/2025\/11\/grafik-75-768x295.png 768w\" sizes=\"auto, (max-width: 1024px) 100vw, 1024px\" \/><\/figure>\n\n\n\n<figure class=\"wp-block-image size-full\"><img loading=\"lazy\" decoding=\"async\" width=\"1022\" height=\"758\" src=\"https:\/\/875jahrekirchgoens.de\/wp-content\/uploads\/2025\/11\/grafik-76.png\" alt=\"\" class=\"wp-image-16849\" srcset=\"http:\/\/875jahrekirchgoens.de\/wp-content\/uploads\/2025\/11\/grafik-76.png 1022w, http:\/\/875jahrekirchgoens.de\/wp-content\/uploads\/2025\/11\/grafik-76-300x223.png 300w, http:\/\/875jahrekirchgoens.de\/wp-content\/uploads\/2025\/11\/grafik-76-768x570.png 768w\" sizes=\"auto, (max-width: 1022px) 100vw, 1022px\" \/><\/figure>\n\n\n\n<p>\u2026 hatte am Samstag der Gesangverein Kirch-G\u00f6ns eingeladen. Gleich zu Beginn um 12 Uhr war der Andrang der Bev\u00f6lkerung gro\u00df, die sich die Schlachtplatten und Hackbraten schmecken lie\u00dfen. Auch der selbstgebackene Kuchen fand nachmittags rei\u00dfenden Absatz. Der Gospelchor \u201eLet it shine\u201c unterhielt mit Liedbeitr\u00e4gen. Auch zum Abendessen fanden sich viele Besucher ein, die von Vereinsmitgliedern bewirtet wurden.<\/p>\n\n\n\n<p>Quelle und Bilder: Butzbacher Zeitung vom 1. Februar 2016<\/p>\n","protected":false},"excerpt":{"rendered":"<p>\u2026 hatte am Samstag der Gesangverein Kirch-G\u00f6ns eingeladen. Gleich zu Beginn um 12 Uhr war der Andrang der Bev\u00f6lkerung gro\u00df, die sich die Schlachtplatten und Hackbraten schmecken lie\u00dfen. Auch der selbstgebackene Kuchen fand nachmittags rei\u00dfenden Absatz. Der Gospelchor \u201eLet it shine\u201c unterhielt mit Liedbeitr\u00e4gen. Auch zum Abendessen fanden sich viele Besucher ein, die von Vereinsmitgliedern &#8230; <a title=\"Zum Schlachtfest in das Kirch-G\u00f6nser B\u00fcrgerhaus \u2026\" class=\"read-more\" href=\"http:\/\/875jahrekirchgoens.de\/?p=16847\" aria-label=\"Mehr Informationen \u00fcber Zum Schlachtfest in das Kirch-G\u00f6nser B\u00fcrgerhaus \u2026\">Weiterlesen<\/a><\/p>\n","protected":false},"author":1,"featured_media":0,"comment_status":"closed","ping_status":"open","sticky":false,"template":"","format":"standard","meta":{"footnotes":""},"categories":[1],"tags":[],"class_list":["post-16847","post","type-post","status-publish","format-standard","hentry","category-infos"],"_links":{"self":[{"href":"http:\/\/875jahrekirchgoens.de\/index.php?rest_route=\/wp\/v2\/posts\/16847","targetHints":{"allow":["GET"]}}],"collection":[{"href":"http:\/\/875jahrekirchgoens.de\/index.php?rest_route=\/wp\/v2\/posts"}],"about":[{"href":"http:\/\/875jahrekirchgoens.de\/index.php?rest_route=\/wp\/v2\/types\/post"}],"author":[{"embeddable":true,"href":"http:\/\/875jahrekirchgoens.de\/index.php?rest_route=\/wp\/v2\/users\/1"}],"replies":[{"embeddable":true,"href":"http:\/\/875jahrekirchgoens.de\/index.php?rest_route=%2Fwp%2Fv2%2Fcomments&post=16847"}],"version-history":[{"count":1,"href":"http:\/\/875jahrekirchgoens.de\/index.php?rest_route=\/wp\/v2\/posts\/16847\/revisions"}],"predecessor-version":[{"id":16850,"href":"http:\/\/875jahrekirchgoens.de\/index.php?rest_route=\/wp\/v2\/posts\/16847\/revisions\/16850"}],"wp:attachment":[{"href":"http:\/\/875jahrekirchgoens.de\/index.php?rest_route=%2Fwp%2Fv2%2Fmedia&parent=16847"}],"wp:term":[{"taxonomy":"category","embeddable":true,"href":"http:\/\/875jahrekirchgoens.de\/index.php?rest_route=%2Fwp%2Fv2%2Fcategories&post=16847"},{"taxonomy":"post_tag","embeddable":true,"href":"http:\/\/875jahrekirchgoens.de\/index.php?rest_route=%2Fwp%2Fv2%2Ftags&post=16847"}],"curies":[{"name":"wp","href":"https:\/\/api.w.org\/{rel}","templated":true}]}}