{"id":16852,"date":"2016-02-16T11:31:00","date_gmt":"2016-02-16T11:31:00","guid":{"rendered":"https:\/\/875jahrekirchgoens.de\/?p=16852"},"modified":"2025-11-10T11:43:17","modified_gmt":"2025-11-10T11:43:17","slug":"sympathischer-film-boesewicht","status":"publish","type":"post","link":"http:\/\/875jahrekirchgoens.de\/?p=16852","title":{"rendered":"Sympathischer Film-\u201eB\u00f6sewicht\u201c"},"content":{"rendered":"\n<p><em>Schauspieler von der Lindenstra\u00dfe zum Tatort \/ Kirch-G\u00f6nser Altenpfleger Timo Nern bald im Kino<\/em><\/p>\n\n\n\n<p>Einmal im Fernsehen eine Rolle spielen und vielleicht gro\u00df rauskommen. Davon tr\u00e4umen viele. F\u00fcr Timo Nern aus Kirch-G\u00f6ns scheint dieser Traum gerade in Erf\u00fcllung zu gehen. Schon als Kind war er ein gro\u00dfer Fan der Lindenstra\u00dfe. Zu gern h\u00e4tte er da mal mitgespielt. Und eines Tages war es so weit. Zusammen mit seinem Vater J\u00fcrgen bekam er seinen ersten Auftritt als Komparse. Seitdem hat er schon drei Mal in der Serie mitgespielt. Inzwischen hat er auch in einigen anderen Filmen mitgewirkt. Zum Beispiel im Tatort und in den Taunuskrimis von Nele Neuhaus. Im Oktober wird der Nachwuchsschauspieler dann in dem Kinofilm \u201eFixi\u201c zu sehen sein. Auch bei einem Werbevideo f\u00fcr eine Zigarettenmarke war er bereits dabei. Sein Hund Buster ein schokoladenbrauner Labrador, konnte zusammen mit seinem Herrchen bei \u201eEin Fall f\u00fcr zwei\u201c ebenfalls erste Fernseherfahrung sammeln. Offensichtlich erf\u00fcllt der Kirch-G\u00f6nser das Klischee des B\u00f6sewichts. \u201eMeistens spiele ich einen Gangster oder Killer\u201c, erz\u00e4hlt er lachend. Dabei ist der gelernte Altenpfleger ein durch und durch netter Kerl. Das finden auch seine \u201eSch\u00fctzlinge\u201c, die er in seinem Vollzeitjob in der Pflegestation Graubert betreut und die, genauso wie sein Chef und die Kollegen, nat\u00fcrlich von seinem nebenberuflichen Eins\u00e4tzen wissen. Er seit M\u00e4rz 2016 ist der 36-j\u00e4hriger Familienvater im Schauspielgesch\u00e4ft. Der Kontakt zur Filmbranche ergab sich rein zuf\u00e4llig. Als Altenpfleger betreute er lange Zeit die Mutter und den Stiefvater des Schauspielers Bjarne M\u00e4del (\u201eDer Tatortreiniger\u201c, \u201eMord mit Aussicht\u201c). So kamen die beiden M\u00e4nner irgendwann ins Gespr\u00e4ch, und die Ereignisse nahmen ihren Lauf. Timo Nern wurde unter dem K\u00fcnstlernamen Toni Pikarz in die ARD-Kartei aufgenommen und hat sich zwischenzeitlich bei verschiedenen Agenturen beworben. Den K\u00fcnstlernamen hat er sich \u00fcbrigens nicht selbst ausgedacht, sondern in seiner Jugend von Freunden als Spitznamen bekommen. Die Familie steht voll und ganz hinter ihm. Sohn Jason (8) findet seinen Papa cool. Seine Frau Nancy hat die \u201eBewerbungsfotos\u201c gemacht. Die Fotografin (Back &amp; Forth) fotografiert haupts\u00e4chlich Konzerte und Events sowie Babys. Aber auch ihren Mann hat sie eindrucksvoll in Szene gesetzt. Viel hat Timo schon am Set erlebt. \u201eIch musste einmal \u2013 sozusagen als Hintergrund-Deko \u2013 einen Bauarbeiter spielen, der an der Imbissbude eine Wurst isst\u201c berichtete er. \u201eMindestens drei Mal musste ich eine ganze Bockwurst essen, bis die Szene im Kasten war. Danach war ich satt\u201c, erinnerte er sich schmunzelnd. Eindruck hinterlassen hab bei ihm auch eine Szene, die im Preungesheimer Gef\u00e4ngnis gedreht wurde. \u201eIch h\u00e4tte nicht gedacht, dass es im Knast so eng ist und die Zellen so klein sind\u201c, fasst er das mulmige Gef\u00fchl zusammen. Sein neuestes internationales Projekt hei\u00dft \u201eLa Gran Promesa\u201c \u2013 ein Familiendrama, das in Frankfurt spielt. Timo\/Toni spielt nat\u00fcrlich wieder einen Killer. Gerade frisch abgedreht wurde die Tatort-Folge \u201eEs lebe der Tod\u201c mit Ulrich Tukur als LKA-Ermittler Felix Murot. Der Sendetermin steht noch nicht fest, aber Timo Nern wird ihn seinen Fans rechtzeitig auf seiner Facebook-Seite \u201eToni Pikarz official\u201c bekanntgegeben. In seiner Freizeit spielt der angehenden Schauspieler Tischtennis beim TV Kirch-G\u00f6ns und h\u00e4lt sich mit Kraftsport fit. Der sympathische \u201eB\u00f6sewicht\u201c hat ein gro\u00dfes Herz und engagiert sich ehrenamtlich f\u00fcr soziale Projekte. Einmal im Jahr spielt er mit beim B\u00e4renherz-Cup, einem Benefiz-Fu\u00dfballturnier. Im vergangenen Jahr wurden 3000 Euro erspielt, die dem Kinderhospiz B\u00e4renherz in Wiesbaden zugutekamen. Der vierte B\u00e4renherz-Cup findet am 10. September in Kuddew\u00f6rde statt. Und nat\u00fcrlich ist Timo Nern wieder dabei.<\/p>\n\n\n<div class=\"wp-block-image\">\n<figure class=\"aligncenter size-full\"><img loading=\"lazy\" decoding=\"async\" width=\"512\" height=\"518\" src=\"https:\/\/875jahrekirchgoens.de\/wp-content\/uploads\/2025\/11\/grafik-77.png\" alt=\"\" class=\"wp-image-16853\" srcset=\"http:\/\/875jahrekirchgoens.de\/wp-content\/uploads\/2025\/11\/grafik-77.png 512w, http:\/\/875jahrekirchgoens.de\/wp-content\/uploads\/2025\/11\/grafik-77-297x300.png 297w\" sizes=\"auto, (max-width: 512px) 100vw, 512px\" \/><\/figure><\/div>\n\n\n<p class=\"has-text-align-center\">Timo Nern ist Altenpfleger von Beruf. Nebenher ist er aber auch <br>schauspielerisch t\u00e4tig, unter anderem als Killer.<\/p>\n\n\n\n<p>Quelle und Bild: Butzbacher Zeitung vom 16. Februar 2016<\/p>\n","protected":false},"excerpt":{"rendered":"<p>Schauspieler von der Lindenstra\u00dfe zum Tatort \/ Kirch-G\u00f6nser Altenpfleger Timo Nern bald im Kino Einmal im Fernsehen eine Rolle spielen und vielleicht gro\u00df rauskommen. Davon tr\u00e4umen viele. F\u00fcr Timo Nern aus Kirch-G\u00f6ns scheint dieser Traum gerade in Erf\u00fcllung zu gehen. Schon als Kind war er ein gro\u00dfer Fan der Lindenstra\u00dfe. Zu gern h\u00e4tte er da &#8230; <a title=\"Sympathischer Film-\u201eB\u00f6sewicht\u201c\" class=\"read-more\" href=\"http:\/\/875jahrekirchgoens.de\/?p=16852\" aria-label=\"Mehr Informationen \u00fcber Sympathischer Film-\u201eB\u00f6sewicht\u201c\">Weiterlesen<\/a><\/p>\n","protected":false},"author":1,"featured_media":0,"comment_status":"closed","ping_status":"open","sticky":false,"template":"","format":"standard","meta":{"footnotes":""},"categories":[1],"tags":[],"class_list":["post-16852","post","type-post","status-publish","format-standard","hentry","category-infos"],"_links":{"self":[{"href":"http:\/\/875jahrekirchgoens.de\/index.php?rest_route=\/wp\/v2\/posts\/16852","targetHints":{"allow":["GET"]}}],"collection":[{"href":"http:\/\/875jahrekirchgoens.de\/index.php?rest_route=\/wp\/v2\/posts"}],"about":[{"href":"http:\/\/875jahrekirchgoens.de\/index.php?rest_route=\/wp\/v2\/types\/post"}],"author":[{"embeddable":true,"href":"http:\/\/875jahrekirchgoens.de\/index.php?rest_route=\/wp\/v2\/users\/1"}],"replies":[{"embeddable":true,"href":"http:\/\/875jahrekirchgoens.de\/index.php?rest_route=%2Fwp%2Fv2%2Fcomments&post=16852"}],"version-history":[{"count":1,"href":"http:\/\/875jahrekirchgoens.de\/index.php?rest_route=\/wp\/v2\/posts\/16852\/revisions"}],"predecessor-version":[{"id":16854,"href":"http:\/\/875jahrekirchgoens.de\/index.php?rest_route=\/wp\/v2\/posts\/16852\/revisions\/16854"}],"wp:attachment":[{"href":"http:\/\/875jahrekirchgoens.de\/index.php?rest_route=%2Fwp%2Fv2%2Fmedia&parent=16852"}],"wp:term":[{"taxonomy":"category","embeddable":true,"href":"http:\/\/875jahrekirchgoens.de\/index.php?rest_route=%2Fwp%2Fv2%2Fcategories&post=16852"},{"taxonomy":"post_tag","embeddable":true,"href":"http:\/\/875jahrekirchgoens.de\/index.php?rest_route=%2Fwp%2Fv2%2Ftags&post=16852"}],"curies":[{"name":"wp","href":"https:\/\/api.w.org\/{rel}","templated":true}]}}