{"id":16856,"date":"2016-02-17T11:49:00","date_gmt":"2016-02-17T11:49:00","guid":{"rendered":"https:\/\/875jahrekirchgoens.de\/?p=16856"},"modified":"2025-11-10T11:50:53","modified_gmt":"2025-11-10T11:50:53","slug":"gospelchor-let-it-shine-probte-zwei-tage-im-taunus","status":"publish","type":"post","link":"http:\/\/875jahrekirchgoens.de\/?p=16856","title":{"rendered":"Gospelchor \u201eLet it Shine\u201c probte zwei Tage im Taunus"},"content":{"rendered":"\n<p>Zwei musikalische Tage verbrachte der Gospelchor \u201eLet it shine\u201c des Gesangvereins aus Kirch-G\u00f6ns am vergangenen Wochenende. Nach einer gemeinsamen Fahrt in den Taunus nach Schmitten-Arnoldshain wurden in zwei \u00dcbungseinheiten am Samstagvormittag und Nachmittag unter Chorleiterin Theresa Heinz neue Lieder einstudiert. In einem gro\u00dfen und hellen Saal mit Fl\u00fcgel konnten sich die S\u00e4ngerinnen und S\u00e4nger sehr sch\u00f6n auf die Musik konzentrieren und hatten einmal mehr Zeit f\u00fcr einzelne Stimmen oder schwierige Passagen der Lieder zur Verf\u00fcgung. Die Zeit wurde aber auch genutzt, um sich in anderer Kulisse auszutauschen, Gespr\u00e4che untereinander au\u00dferhalb der Probezeiten zu erm\u00f6glichen und dabei noch weiter und besser kennenzulernen. Daf\u00fcr war nat\u00fcrlich der Samstagabend auch besonders gut geeignet. In fr\u00f6hlicher Runde wurde mit Gitarrenbegleitung weiter musiziert, gesungen und gefeiert bis weit nach Mitternacht. Am Sonntag wurde die Probe am Vormittag durch ein kurzes Konzert f\u00fcr andere G\u00e4ste des Tagungshauses unterbrochen. Doch dann wurde bis zum Mittagessen t\u00fcchtig weitergeprobt und nachmittags das Erlernte zusammen mit alten St\u00fccken in der kleinen Kapelle, die zu dem Tagungshaus geh\u00f6rt, wiederholt und verfestigt. Bei der anschlie\u00dfenden Abschlussrunde war die Meinung aller Teilnehmer, dass es zwei wundersch\u00f6ne Tage waren und einhellig der Wunsch ge\u00e4u\u00dfert, ein solches Probenwochenende schon bald zu wiederholen. Auch in der Hoffnung, dass dann auch die verhinderten Chormitglieder daran teilnehmen k\u00f6nnen.<\/p>\n\n\n<div class=\"wp-block-image\">\n<figure class=\"aligncenter size-full\"><img loading=\"lazy\" decoding=\"async\" width=\"512\" height=\"375\" src=\"https:\/\/875jahrekirchgoens.de\/wp-content\/uploads\/2025\/11\/grafik-78.png\" alt=\"\" class=\"wp-image-16857\" srcset=\"http:\/\/875jahrekirchgoens.de\/wp-content\/uploads\/2025\/11\/grafik-78.png 512w, http:\/\/875jahrekirchgoens.de\/wp-content\/uploads\/2025\/11\/grafik-78-300x220.png 300w\" sizes=\"auto, (max-width: 512px) 100vw, 512px\" \/><\/figure><\/div>\n\n\n<p class=\"has-text-align-center\">Das Foto zeigt den Gospelchor \u201eLet it shine\u201c mit Chorleiterin Theresa Heinz in der Mitte.<\/p>\n\n\n\n<p>Quelle und Bild: Butzbacher Zeitung vom 17. Februar 2016<\/p>\n","protected":false},"excerpt":{"rendered":"<p>Zwei musikalische Tage verbrachte der Gospelchor \u201eLet it shine\u201c des Gesangvereins aus Kirch-G\u00f6ns am vergangenen Wochenende. Nach einer gemeinsamen Fahrt in den Taunus nach Schmitten-Arnoldshain wurden in zwei \u00dcbungseinheiten am Samstagvormittag und Nachmittag unter Chorleiterin Theresa Heinz neue Lieder einstudiert. In einem gro\u00dfen und hellen Saal mit Fl\u00fcgel konnten sich die S\u00e4ngerinnen und S\u00e4nger sehr &#8230; <a title=\"Gospelchor \u201eLet it Shine\u201c probte zwei Tage im Taunus\" class=\"read-more\" href=\"http:\/\/875jahrekirchgoens.de\/?p=16856\" aria-label=\"Mehr Informationen \u00fcber Gospelchor \u201eLet it Shine\u201c probte zwei Tage im Taunus\">Weiterlesen<\/a><\/p>\n","protected":false},"author":1,"featured_media":0,"comment_status":"closed","ping_status":"open","sticky":false,"template":"","format":"standard","meta":{"footnotes":""},"categories":[1],"tags":[],"class_list":["post-16856","post","type-post","status-publish","format-standard","hentry","category-infos"],"_links":{"self":[{"href":"http:\/\/875jahrekirchgoens.de\/index.php?rest_route=\/wp\/v2\/posts\/16856","targetHints":{"allow":["GET"]}}],"collection":[{"href":"http:\/\/875jahrekirchgoens.de\/index.php?rest_route=\/wp\/v2\/posts"}],"about":[{"href":"http:\/\/875jahrekirchgoens.de\/index.php?rest_route=\/wp\/v2\/types\/post"}],"author":[{"embeddable":true,"href":"http:\/\/875jahrekirchgoens.de\/index.php?rest_route=\/wp\/v2\/users\/1"}],"replies":[{"embeddable":true,"href":"http:\/\/875jahrekirchgoens.de\/index.php?rest_route=%2Fwp%2Fv2%2Fcomments&post=16856"}],"version-history":[{"count":1,"href":"http:\/\/875jahrekirchgoens.de\/index.php?rest_route=\/wp\/v2\/posts\/16856\/revisions"}],"predecessor-version":[{"id":16858,"href":"http:\/\/875jahrekirchgoens.de\/index.php?rest_route=\/wp\/v2\/posts\/16856\/revisions\/16858"}],"wp:attachment":[{"href":"http:\/\/875jahrekirchgoens.de\/index.php?rest_route=%2Fwp%2Fv2%2Fmedia&parent=16856"}],"wp:term":[{"taxonomy":"category","embeddable":true,"href":"http:\/\/875jahrekirchgoens.de\/index.php?rest_route=%2Fwp%2Fv2%2Fcategories&post=16856"},{"taxonomy":"post_tag","embeddable":true,"href":"http:\/\/875jahrekirchgoens.de\/index.php?rest_route=%2Fwp%2Fv2%2Ftags&post=16856"}],"curies":[{"name":"wp","href":"https:\/\/api.w.org\/{rel}","templated":true}]}}