{"id":16863,"date":"2016-05-06T12:22:00","date_gmt":"2016-05-06T12:22:00","guid":{"rendered":"https:\/\/875jahrekirchgoens.de\/?p=16863"},"modified":"2025-11-10T12:24:02","modified_gmt":"2025-11-10T12:24:02","slug":"schuetzenverein-will-verstaerkt-neue-mitglieder-fuer-existenzsicherung","status":"publish","type":"post","link":"http:\/\/875jahrekirchgoens.de\/?p=16863","title":{"rendered":"Sch\u00fctzenverein will verst\u00e4rkt neue Mitglieder f\u00fcr Existenzsicherung"},"content":{"rendered":"\n<p>Der Jahresr\u00fcckblick in der Mitgliederversammlung des Sch\u00fctzenvereins bezog sich auf die Themen des Sports, der Jugendarbeit, der gesellschaftlichen Entwicklung und die notwendigen Ma\u00dfnahmen zur Erhaltung der Sch\u00fctzenhalle. Der Vorsitzende Gunther M\u00fcller referierte aber auch \u00fcber die allgemeine Stagnation oder gar sp\u00fcrbaren R\u00fcckg\u00e4nge in der Szene der klassischen Vereine und damit auch \u00fcber die Zukunftsf\u00e4higkeit der Vereine. Im Bericht des Vorsitzenden wurden die wesentlichen Aktivit\u00e4ten und Entwicklung des Vereins zusammengefasst. Einen wichtigen Schritt in der Vereinsgeschichte, die Gr\u00fcndung eines F\u00f6rdervereins, wurde von den Mitgliedern auf der au\u00dferordentlichen Mitgliederversammlung am 17. Juli 2015 beschlossen. Diese Entscheidung war zwingend notwendig, um die steigenden Abgaben und Kosten zu kompensieren. Diese Entscheidung wurde mit gro\u00dfer Mehrheit der Mitglieder unterst\u00fctzt. Die Zukunft wird zeigen, wie tragf\u00e4hig dieses Modell ist. Hinsichtlich der d\u00f6rflichen Gemeinschaft wurden z. B. aktive Helferdienste beim Dorffest der Kirchengemeinde und am Sommerfest der Feuerwehr geleistet. Das soll bei dem anstehenden Gro\u00dfereignis in Kirch-G\u00f6ns, dem TV-Jubil\u00e4um im Juni fortgesetzt werden. Gunther M\u00fcller erinnerte aber auch an die sehr erfolgreiche Veranstaltung der Einweihungsfeier zur Stautzertbr\u00fccke, die der Verein im Auftrag der Stadtverwaltung ausrichten konnte. Auch im Verein gibt es eine neue wiederbelebte Entwicklung. Das Ortspokalschie\u00dfen wurde nach einer langen pause von fast 15 Jahren wieder ins Leben gerufen. Daran nahmen sieben Mannschaften teil. Die Resonanz war bei allen Beteiligten sehr positiv. F\u00fcr dieses Jahr ist das Ortspokalschie\u00dfen am 25. September geplant. Gunther M\u00fcller dankte in dem Jahresbericht allen Aktiven, dass sie den Verein w\u00fcrdig vertreten haben und dem Vorstand f\u00fcr die gute Zusammenarbeit und vielf\u00e4ltige Mitarbeit. Anschlie\u00dfend gab Christian M\u00fcll einen ausf\u00fchrlichen Sportbericht. Die erfolgreichste Mannschaft stellten die Senioren der Klasse A mit Peter Maiwald, Kurt Hartig und Lothar Hinz. Sie gewannen den Kreismeistertitel in 2015 und 2016, sowie den Gaumeisterschaftstitel in 2015 und schafften es bei der Hessenmeisterschaft 2015 auf den dritten Platz. In der Sch\u00fctzenklasse holten bei der diesj\u00e4hrigen Kreismeisterschaft Christian H\u00e4user, Mirco Pierdomenico und Dominik Wagner den 1. Platz in der Mannschaftswertung. Der Kassenbericht von Karsten M\u00fcller zeigte das erwartete Ergebnis \u201eAufgrund der enorm gestiegenen Energiekosten ist die Finanzlage erneut angespannt\u201c, so der Kommentar zum Kassenbericht. Der Sch\u00fctzenverein in Kirch-G\u00f6ns muss diese hohen Ausgaben selbst bestreiten, ohne Zusch\u00fcsse der Stadt. Die Bilanz des Jahres konnte nur mit au\u00dfergew\u00f6hnlichen Ma\u00dfnahmen und Ertr\u00e4gen ausgeglichen werden. Die Kassenpr\u00fcfer Wolfgang Thumerer und Dominik Wagner best\u00e4tigten eine einwandfreie F\u00fchrung und Verwaltung der Finanzen durch K. M\u00fcller, sodass eine Entlastung des Vorstandes einstimmig erfolgte. Bei den Neuwahlen standen turnusgem\u00e4\u00df die Vorstandspositionen der beiden Vorsitzenden zur Disposition. Beide Amtsinhaber, Gunther M\u00fcller und Hagen Heinz wurden in ihren \u00c4mtern des 1. bzw. 2. Vorsitzenden best\u00e4tigt. Bei der Erg\u00e4nzungswahl f\u00fcr die Kassenpr\u00fcfung wurde Patrick M\u00fcller einstimmig berufen. Unter dem Punkt Verschiedenes wurde das Thema Mitgliederwerbung besprochen, bei dem aus der Versammlung einige konstruktive Vorschl\u00e4ge erfolgten. Diese wird der Vorstand aufgreifen und versuchen, sie umzusetzen. Alle waren sich einig, dass jedes einzelne Mitglied dazu beitragen kann und der Weg in die Zukunft sicherlich kein leichter sein wird. Am Ende der Versammlung wies Gunther M\u00fcller noch auf die Teilnahme des Sch\u00fctzenvereins am Festzug des TV im Juni hin und bat um rege Teilnahme.<\/p>\n\n\n\n<figure class=\"wp-block-image size-full\"><img loading=\"lazy\" decoding=\"async\" width=\"1024\" height=\"340\" src=\"https:\/\/875jahrekirchgoens.de\/wp-content\/uploads\/2025\/11\/grafik-79.png\" alt=\"\" class=\"wp-image-16864\" srcset=\"http:\/\/875jahrekirchgoens.de\/wp-content\/uploads\/2025\/11\/grafik-79.png 1024w, http:\/\/875jahrekirchgoens.de\/wp-content\/uploads\/2025\/11\/grafik-79-300x100.png 300w, http:\/\/875jahrekirchgoens.de\/wp-content\/uploads\/2025\/11\/grafik-79-768x255.png 768w\" sizes=\"auto, (max-width: 1024px) 100vw, 1024px\" \/><\/figure>\n\n\n\n<p>Der aktuelle Vorstand des Kirch-G\u00f6nser Sch\u00fctzenvereins (v. l. n. r.)                                 Sch\u00fctzenmeister Christian M\u00fcll (l.) gratuliert und <br>Gunther M\u00fcller, Christian H\u00e4user, Hagen Heinz,                                                                                   ehrt den \u201eSch\u00fctzen des Jahres\u201c Rolf Schulze (r.).<br>Mirco Pierdomenico, Karsten M\u00fcller und Christian M\u00fcll.<\/p>\n\n\n\n<p>Quelle und Bilder: Butzbacher Zeitung vom 6. Mai 2016<\/p>\n","protected":false},"excerpt":{"rendered":"<p>Der Jahresr\u00fcckblick in der Mitgliederversammlung des Sch\u00fctzenvereins bezog sich auf die Themen des Sports, der Jugendarbeit, der gesellschaftlichen Entwicklung und die notwendigen Ma\u00dfnahmen zur Erhaltung der Sch\u00fctzenhalle. Der Vorsitzende Gunther M\u00fcller referierte aber auch \u00fcber die allgemeine Stagnation oder gar sp\u00fcrbaren R\u00fcckg\u00e4nge in der Szene der klassischen Vereine und damit auch \u00fcber die Zukunftsf\u00e4higkeit der &#8230; <a title=\"Sch\u00fctzenverein will verst\u00e4rkt neue Mitglieder f\u00fcr Existenzsicherung\" class=\"read-more\" href=\"http:\/\/875jahrekirchgoens.de\/?p=16863\" aria-label=\"Mehr Informationen \u00fcber Sch\u00fctzenverein will verst\u00e4rkt neue Mitglieder f\u00fcr Existenzsicherung\">Weiterlesen<\/a><\/p>\n","protected":false},"author":1,"featured_media":0,"comment_status":"closed","ping_status":"open","sticky":false,"template":"","format":"standard","meta":{"footnotes":""},"categories":[1],"tags":[],"class_list":["post-16863","post","type-post","status-publish","format-standard","hentry","category-infos"],"_links":{"self":[{"href":"http:\/\/875jahrekirchgoens.de\/index.php?rest_route=\/wp\/v2\/posts\/16863","targetHints":{"allow":["GET"]}}],"collection":[{"href":"http:\/\/875jahrekirchgoens.de\/index.php?rest_route=\/wp\/v2\/posts"}],"about":[{"href":"http:\/\/875jahrekirchgoens.de\/index.php?rest_route=\/wp\/v2\/types\/post"}],"author":[{"embeddable":true,"href":"http:\/\/875jahrekirchgoens.de\/index.php?rest_route=\/wp\/v2\/users\/1"}],"replies":[{"embeddable":true,"href":"http:\/\/875jahrekirchgoens.de\/index.php?rest_route=%2Fwp%2Fv2%2Fcomments&post=16863"}],"version-history":[{"count":1,"href":"http:\/\/875jahrekirchgoens.de\/index.php?rest_route=\/wp\/v2\/posts\/16863\/revisions"}],"predecessor-version":[{"id":16865,"href":"http:\/\/875jahrekirchgoens.de\/index.php?rest_route=\/wp\/v2\/posts\/16863\/revisions\/16865"}],"wp:attachment":[{"href":"http:\/\/875jahrekirchgoens.de\/index.php?rest_route=%2Fwp%2Fv2%2Fmedia&parent=16863"}],"wp:term":[{"taxonomy":"category","embeddable":true,"href":"http:\/\/875jahrekirchgoens.de\/index.php?rest_route=%2Fwp%2Fv2%2Fcategories&post=16863"},{"taxonomy":"post_tag","embeddable":true,"href":"http:\/\/875jahrekirchgoens.de\/index.php?rest_route=%2Fwp%2Fv2%2Ftags&post=16863"}],"curies":[{"name":"wp","href":"https:\/\/api.w.org\/{rel}","templated":true}]}}