{"id":16881,"date":"2015-12-21T18:33:00","date_gmt":"2015-12-21T18:33:00","guid":{"rendered":"https:\/\/875jahrekirchgoens.de\/?p=16881"},"modified":"2025-11-10T18:33:58","modified_gmt":"2025-11-10T18:33:58","slug":"den-reigen-der-senioren-nachmittage-2015-der-stadt","status":"publish","type":"post","link":"http:\/\/875jahrekirchgoens.de\/?p=16881","title":{"rendered":"Den Reigen der Senioren-Nachmittage 2015 der Stadt \u2026"},"content":{"rendered":"\n<figure class=\"wp-block-image size-full\"><img loading=\"lazy\" decoding=\"async\" width=\"1023\" height=\"692\" src=\"https:\/\/875jahrekirchgoens.de\/wp-content\/uploads\/2025\/11\/grafik-83.png\" alt=\"\" class=\"wp-image-16882\" srcset=\"http:\/\/875jahrekirchgoens.de\/wp-content\/uploads\/2025\/11\/grafik-83.png 1023w, http:\/\/875jahrekirchgoens.de\/wp-content\/uploads\/2025\/11\/grafik-83-300x203.png 300w, http:\/\/875jahrekirchgoens.de\/wp-content\/uploads\/2025\/11\/grafik-83-768x520.png 768w\" sizes=\"auto, (max-width: 1023px) 100vw, 1023px\" \/><\/figure>\n\n\n\n<p>\u2026 Butzbach beschloss gestern der Stadtteil Kirch-G\u00f6ns. Der Ortsbeirat hatte den Saal des B\u00fcrgerhauses weihnachtlich geschm\u00fcckt, wo nach dem Kaffeetrinken der Gesangverein Kirch-G\u00f6ns mit bekannten Liedern f\u00fcr die musikalische Umrahmung sorgte.<\/p>\n\n\n\n<p>Quelle und Bilder: Butzbacher Zeitung vom 21. Dezember 2015<\/p>\n","protected":false},"excerpt":{"rendered":"<p>\u2026 Butzbach beschloss gestern der Stadtteil Kirch-G\u00f6ns. Der Ortsbeirat hatte den Saal des B\u00fcrgerhauses weihnachtlich geschm\u00fcckt, wo nach dem Kaffeetrinken der Gesangverein Kirch-G\u00f6ns mit bekannten Liedern f\u00fcr die musikalische Umrahmung sorgte. Quelle und Bilder: Butzbacher Zeitung vom 21. Dezember 2015<\/p>\n","protected":false},"author":1,"featured_media":0,"comment_status":"closed","ping_status":"open","sticky":false,"template":"","format":"standard","meta":{"footnotes":""},"categories":[1],"tags":[],"class_list":["post-16881","post","type-post","status-publish","format-standard","hentry","category-infos"],"_links":{"self":[{"href":"http:\/\/875jahrekirchgoens.de\/index.php?rest_route=\/wp\/v2\/posts\/16881","targetHints":{"allow":["GET"]}}],"collection":[{"href":"http:\/\/875jahrekirchgoens.de\/index.php?rest_route=\/wp\/v2\/posts"}],"about":[{"href":"http:\/\/875jahrekirchgoens.de\/index.php?rest_route=\/wp\/v2\/types\/post"}],"author":[{"embeddable":true,"href":"http:\/\/875jahrekirchgoens.de\/index.php?rest_route=\/wp\/v2\/users\/1"}],"replies":[{"embeddable":true,"href":"http:\/\/875jahrekirchgoens.de\/index.php?rest_route=%2Fwp%2Fv2%2Fcomments&post=16881"}],"version-history":[{"count":1,"href":"http:\/\/875jahrekirchgoens.de\/index.php?rest_route=\/wp\/v2\/posts\/16881\/revisions"}],"predecessor-version":[{"id":16883,"href":"http:\/\/875jahrekirchgoens.de\/index.php?rest_route=\/wp\/v2\/posts\/16881\/revisions\/16883"}],"wp:attachment":[{"href":"http:\/\/875jahrekirchgoens.de\/index.php?rest_route=%2Fwp%2Fv2%2Fmedia&parent=16881"}],"wp:term":[{"taxonomy":"category","embeddable":true,"href":"http:\/\/875jahrekirchgoens.de\/index.php?rest_route=%2Fwp%2Fv2%2Fcategories&post=16881"},{"taxonomy":"post_tag","embeddable":true,"href":"http:\/\/875jahrekirchgoens.de\/index.php?rest_route=%2Fwp%2Fv2%2Ftags&post=16881"}],"curies":[{"name":"wp","href":"https:\/\/api.w.org\/{rel}","templated":true}]}}