{"id":16885,"date":"2016-01-01T18:36:00","date_gmt":"2016-01-01T18:36:00","guid":{"rendered":"https:\/\/875jahrekirchgoens.de\/?p=16885"},"modified":"2025-11-10T18:37:28","modified_gmt":"2025-11-10T18:37:28","slug":"kirch-goenser-jahreskalender-2016","status":"publish","type":"post","link":"http:\/\/875jahrekirchgoens.de\/?p=16885","title":{"rendered":"Kirch-G\u00f6nser Jahreskalender 2016"},"content":{"rendered":"\n<figure class=\"wp-block-image size-full\"><img loading=\"lazy\" decoding=\"async\" width=\"1024\" height=\"669\" src=\"https:\/\/875jahrekirchgoens.de\/wp-content\/uploads\/2025\/11\/grafik-84.png\" alt=\"\" class=\"wp-image-16886\" srcset=\"http:\/\/875jahrekirchgoens.de\/wp-content\/uploads\/2025\/11\/grafik-84.png 1024w, http:\/\/875jahrekirchgoens.de\/wp-content\/uploads\/2025\/11\/grafik-84-300x196.png 300w, http:\/\/875jahrekirchgoens.de\/wp-content\/uploads\/2025\/11\/grafik-84-768x502.png 768w\" sizes=\"auto, (max-width: 1024px) 100vw, 1024px\" \/><\/figure>\n\n\n\n<p class=\"has-text-align-center\">Zum Verkaufspreis von Euro 15,90 konnte im Jahre 2016 ein Kirch-G\u00f6nser Jahreskalender erworben werden. <br>Verschiedene Ansichten (Stra\u00dfen, Landschaften, Geb\u00e4ude, etc.) aus Kirch-G\u00f6ns wurden im jeweiligen Monat pr\u00e4sentiert. <\/p>\n\n\n\n<p>Bild: Edgar Becker \/ Kirch-G\u00f6ns<\/p>\n","protected":false},"excerpt":{"rendered":"<p>Zum Verkaufspreis von Euro 15,90 konnte im Jahre 2016 ein Kirch-G\u00f6nser Jahreskalender erworben werden. Verschiedene Ansichten (Stra\u00dfen, Landschaften, Geb\u00e4ude, etc.) aus Kirch-G\u00f6ns wurden im jeweiligen Monat pr\u00e4sentiert. Bild: Edgar Becker \/ Kirch-G\u00f6ns<\/p>\n","protected":false},"author":1,"featured_media":0,"comment_status":"closed","ping_status":"open","sticky":false,"template":"","format":"standard","meta":{"footnotes":""},"categories":[1],"tags":[],"class_list":["post-16885","post","type-post","status-publish","format-standard","hentry","category-infos"],"_links":{"self":[{"href":"http:\/\/875jahrekirchgoens.de\/index.php?rest_route=\/wp\/v2\/posts\/16885","targetHints":{"allow":["GET"]}}],"collection":[{"href":"http:\/\/875jahrekirchgoens.de\/index.php?rest_route=\/wp\/v2\/posts"}],"about":[{"href":"http:\/\/875jahrekirchgoens.de\/index.php?rest_route=\/wp\/v2\/types\/post"}],"author":[{"embeddable":true,"href":"http:\/\/875jahrekirchgoens.de\/index.php?rest_route=\/wp\/v2\/users\/1"}],"replies":[{"embeddable":true,"href":"http:\/\/875jahrekirchgoens.de\/index.php?rest_route=%2Fwp%2Fv2%2Fcomments&post=16885"}],"version-history":[{"count":1,"href":"http:\/\/875jahrekirchgoens.de\/index.php?rest_route=\/wp\/v2\/posts\/16885\/revisions"}],"predecessor-version":[{"id":16887,"href":"http:\/\/875jahrekirchgoens.de\/index.php?rest_route=\/wp\/v2\/posts\/16885\/revisions\/16887"}],"wp:attachment":[{"href":"http:\/\/875jahrekirchgoens.de\/index.php?rest_route=%2Fwp%2Fv2%2Fmedia&parent=16885"}],"wp:term":[{"taxonomy":"category","embeddable":true,"href":"http:\/\/875jahrekirchgoens.de\/index.php?rest_route=%2Fwp%2Fv2%2Fcategories&post=16885"},{"taxonomy":"post_tag","embeddable":true,"href":"http:\/\/875jahrekirchgoens.de\/index.php?rest_route=%2Fwp%2Fv2%2Ftags&post=16885"}],"curies":[{"name":"wp","href":"https:\/\/api.w.org\/{rel}","templated":true}]}}