{"id":16897,"date":"2015-10-20T18:57:00","date_gmt":"2015-10-20T18:57:00","guid":{"rendered":"https:\/\/875jahrekirchgoens.de\/?p=16897"},"modified":"2025-11-10T18:58:17","modified_gmt":"2025-11-10T18:58:17","slug":"eine-neue-koenigsfamilie-regiert-in-kirch-goens","status":"publish","type":"post","link":"http:\/\/875jahrekirchgoens.de\/?p=16897","title":{"rendered":"Eine neue K\u00f6nigsfamilie regiert in Kirch-G\u00f6ns"},"content":{"rendered":"\n<p>\u201eSo sch\u00f6n war selten ein K\u00f6nigsschie\u00dfen\u201c \u2013 das war die einhellige Meinung der Beteiligten beim diesj\u00e4hrigen Schie\u00dfen um die K\u00f6nigsw\u00fcrden im Sch\u00fctzenverein Kirch-G\u00f6ns. Der \u201eK\u00f6nigssonntag\u201c hat in diesem Jahr zwei langj\u00e4hrigen Aktiven beim K\u00f6nigsschie\u00dfen besonders Gl\u00fcck gebracht. Sch\u00fctzinnen und Sch\u00fctzen nahmen nach dem obligatorischen Kaffeetrinken gleichzeitig die sportliche Jagd auf die K\u00f6nigsw\u00fcrden auf. Er war in diesem Wettkampf ein Schie\u00dfen der Treffsicherer, kaum ein Schuss hat sein Ziel verfehlt. Nach exakt vierzig Minuten, das ist rekordverd\u00e4chtig in der Vereinsgeschichte, war das h\u00f6chst spannende Schie\u00dfen entschieden. Sieger nach dem 63. Schuss, jetzt bereits zum zweiten Mal und damit Sch\u00fctzenk\u00f6nig 2015, wurde Karsten M\u00fcller mit einem fulminanten Siegesschuss. Vervollst\u00e4ndigt wird das sch\u00fctzenadlige Trio der Herren von Mirco Pierdomenico als 1. Ritter und dem Vorsitzenden Gunther M\u00fcller als 2. Ritter. Zum nunmehr sechsten Mal gewann Ute Maiwald bei den Damen und wurde damit Sch\u00fctzenk\u00f6nigin 2015. Gl\u00fccklich war auch Ute M\u00f6ckel, die Titelverteidigerin, sie erreichte die W\u00fcrde der Hofdame. Spannend war auch die Entscheidung um den Rudi-Stecher-Pokal f\u00fcr den besten Schuss beim K\u00f6nigsschie\u00dfen. Der Vorsitzende Gunther M\u00fcller und der Sch\u00fctzenmeister Christian M\u00fcll zeichneten im Anschluss an die Proklamation die diesj\u00e4hrige K\u00f6nigin Ute Maiwald als Siegerin mit dem Wanderpokal aus. Nach diesem spannungsvollen Schie\u00dfen und der anschlie\u00dfenden Proklamation der W\u00fcrdentr\u00e4ger wurden die Geehrten von den \u201eSch\u00fctzen-Untertanen\u201c geb\u00fchrend gefeiert. Das \u201edreimalige Gut Schuss\u201c auf die Sieger erklang so h\u00e4ufig wie kaum zuvor. Und so dauerte die anschlie\u00dfende Feier, dank der \u00fcberraschend kurzen Schie\u00dfzeit, bei bester Stimmung bis in den fr\u00fchen Abend.<\/p>\n\n\n\n<figure class=\"wp-block-image size-full\"><img loading=\"lazy\" decoding=\"async\" width=\"1024\" height=\"330\" src=\"https:\/\/875jahrekirchgoens.de\/wp-content\/uploads\/2025\/11\/grafik-89.png\" alt=\"\" class=\"wp-image-16900\" srcset=\"http:\/\/875jahrekirchgoens.de\/wp-content\/uploads\/2025\/11\/grafik-89.png 1024w, http:\/\/875jahrekirchgoens.de\/wp-content\/uploads\/2025\/11\/grafik-89-300x97.png 300w, http:\/\/875jahrekirchgoens.de\/wp-content\/uploads\/2025\/11\/grafik-89-768x248.png 768w\" sizes=\"auto, (max-width: 1024px) 100vw, 1024px\" \/><\/figure>\n\n\n\n<p>Die K\u00f6nigsfamilie 2015 im Sch\u00fctzenverein Kirch-G\u00f6ns: (v. l.)                                                             Die strahlende Gewinnerin des Rudi-Stecher-Pokals:<br>2. Ritter Mirco Pierdomenico, Sch\u00fctzenk\u00f6nig Karsten M\u00fcller,                                                           Ute Maiwald \u2013 wurde vom Vorsitzenden <br> Sch\u00fctzenk\u00f6nigin Ute Maiwald, Hofdame Ute M\u00f6ckel und                                                                    Gunther M\u00fcller geehrt.<br>2. Ritter Gunther M\u00fcller<\/p>\n\n\n\n<p> Quelle und Bilder: Butzbacher Zeitung vom 20. Oktober 2015<\/p>\n\n\n\n<p><\/p>\n","protected":false},"excerpt":{"rendered":"<p>\u201eSo sch\u00f6n war selten ein K\u00f6nigsschie\u00dfen\u201c \u2013 das war die einhellige Meinung der Beteiligten beim diesj\u00e4hrigen Schie\u00dfen um die K\u00f6nigsw\u00fcrden im Sch\u00fctzenverein Kirch-G\u00f6ns. Der \u201eK\u00f6nigssonntag\u201c hat in diesem Jahr zwei langj\u00e4hrigen Aktiven beim K\u00f6nigsschie\u00dfen besonders Gl\u00fcck gebracht. Sch\u00fctzinnen und Sch\u00fctzen nahmen nach dem obligatorischen Kaffeetrinken gleichzeitig die sportliche Jagd auf die K\u00f6nigsw\u00fcrden auf. Er war &#8230; <a title=\"Eine neue K\u00f6nigsfamilie regiert in Kirch-G\u00f6ns\" class=\"read-more\" href=\"http:\/\/875jahrekirchgoens.de\/?p=16897\" aria-label=\"Mehr Informationen \u00fcber Eine neue K\u00f6nigsfamilie regiert in Kirch-G\u00f6ns\">Weiterlesen<\/a><\/p>\n","protected":false},"author":1,"featured_media":0,"comment_status":"closed","ping_status":"open","sticky":false,"template":"","format":"standard","meta":{"footnotes":""},"categories":[1],"tags":[],"class_list":["post-16897","post","type-post","status-publish","format-standard","hentry","category-infos"],"_links":{"self":[{"href":"http:\/\/875jahrekirchgoens.de\/index.php?rest_route=\/wp\/v2\/posts\/16897","targetHints":{"allow":["GET"]}}],"collection":[{"href":"http:\/\/875jahrekirchgoens.de\/index.php?rest_route=\/wp\/v2\/posts"}],"about":[{"href":"http:\/\/875jahrekirchgoens.de\/index.php?rest_route=\/wp\/v2\/types\/post"}],"author":[{"embeddable":true,"href":"http:\/\/875jahrekirchgoens.de\/index.php?rest_route=\/wp\/v2\/users\/1"}],"replies":[{"embeddable":true,"href":"http:\/\/875jahrekirchgoens.de\/index.php?rest_route=%2Fwp%2Fv2%2Fcomments&post=16897"}],"version-history":[{"count":1,"href":"http:\/\/875jahrekirchgoens.de\/index.php?rest_route=\/wp\/v2\/posts\/16897\/revisions"}],"predecessor-version":[{"id":16901,"href":"http:\/\/875jahrekirchgoens.de\/index.php?rest_route=\/wp\/v2\/posts\/16897\/revisions\/16901"}],"wp:attachment":[{"href":"http:\/\/875jahrekirchgoens.de\/index.php?rest_route=%2Fwp%2Fv2%2Fmedia&parent=16897"}],"wp:term":[{"taxonomy":"category","embeddable":true,"href":"http:\/\/875jahrekirchgoens.de\/index.php?rest_route=%2Fwp%2Fv2%2Fcategories&post=16897"},{"taxonomy":"post_tag","embeddable":true,"href":"http:\/\/875jahrekirchgoens.de\/index.php?rest_route=%2Fwp%2Fv2%2Ftags&post=16897"}],"curies":[{"name":"wp","href":"https:\/\/api.w.org\/{rel}","templated":true}]}}