{"id":16920,"date":"2015-04-08T22:31:00","date_gmt":"2015-04-08T22:31:00","guid":{"rendered":"https:\/\/875jahrekirchgoens.de\/?p=16920"},"modified":"2025-11-11T22:32:28","modified_gmt":"2025-11-11T22:32:28","slug":"energiekosten-fuer-schuetzenhalle-belasten-kirch-goenser-schuetzenverein","status":"publish","type":"post","link":"http:\/\/875jahrekirchgoens.de\/?p=16920","title":{"rendered":"Energiekosten f\u00fcr Sch\u00fctzenhalle belasten Kirch-G\u00f6nser Sch\u00fctzenverein"},"content":{"rendered":"\n<p><em>F\u00f6rderverein gegr\u00fcndet \/ Vorstand mit Gunther M\u00fcller an der Spitze wiedergew\u00e4hlt<\/em><\/p>\n\n\n\n<p>In der Mitgliederversammlung des Sch\u00fctzenverein Kirch-G\u00f6ns berichtete der 1. Vorsitzende Gunther M\u00fcller \u00fcber das letzte Jahr und bezog sich auf die Themen des Sports sowie der Vereinsentwicklung und die notwendigen Ma\u00dfnahmen zum Erhalt der Sch\u00fctzenhalle. Das Sportjahr 2014 war wie auch in den letzten beiden Jahren durchwachsen. Die Luftgewehr-Mannschaft belegte in der Grundklasse den 4. Platz. Bei der Stadtmeisterschaft erreichte die Mannschaft einen guten dritten Platz. Bei der Kreismeisterschaft holte die Seniorenklasse erneut den Kreismeistertitel, beste Sch\u00fctzen waren Peter Maiwald mit 369 Ringe, Lothar Hinz 367 Ringe und Kurt Hartig 363 Ringe. Den Titel des \u201eSch\u00fctzen\/Sch\u00fctzin des Jahres\u201c holte im vergangenen Jahr Ute M\u00f6ckel mit einer Steigerung von 7,4 Ringen im Durschnitt. Im vergangenen Jahr wurde erstmalig ein Grillfest im Rahmen der Fu\u00dfball-WM mit \u00dcbertragung eines Spiels ausgerichtet, es fand jedoch nur m\u00e4\u00dfige Resonanz aus den Mitgliederreihen und der Bev\u00f6lkerung. Auch das K\u00f6nigsschie\u00dfen und Jahresabschlussschie\u00dfen war nur m\u00e4\u00dfig besucht. Hier w\u00fcrde sich der Vorstand um mehr Teilnahme aus den Reihen der Mitglieder freuen. Die im letzten Jahr begonnenen Reparaturen an der Sch\u00fctzenhalle insbesondere im Dachbereich\/Auswertraum sollen in diesem Jahr vollendet werden. Hier werden noch tatkr\u00e4ftige Helfer und auch Sponsoren gesucht. Gunther M\u00fcller dankte allen Aktiven, dass sie den Verein w\u00fcrdig vertreten haben und dem Vorstand f\u00fcr die gute Zusammenarbeit und vielf\u00e4ltige Mitarbeit. Der Kassenbericht zeigte das erwartete Ergebnis. Aufgrund der enorm gestiegenen Energiekosten ist die Finanzlage immer noch angespannt, so der Kommentar zum Kassenbericht. \u201eDer Vorteil eines eigenen Vereinsheimes wird \u00fcber die nie erwarteten Energiekosten teuer erkauft\u201c, so der Kommentar des Vorsitzenden zur Finanzsituation. Die Bilanz des Jahres konnte 2014, wie bereits im Haushaltsplan vorgesehen, nur mit einer Entnahme aus den R\u00fccklagen ausgeglichen werden. Die Kassenpr\u00fcfer Ingrid Herbel und Dominik Wagner best\u00e4tigen eine einwandfreie Verwaltung der Finanzen, so dass die Entlastung des Vorstandes einstimmig erfolgte. Bei den Neuwahlen standen, mit Ausnahme des 1. und 2. Vorsitzenden und Hallenwartes, fast alle Vorstandspositionen an. Die Vorstandsmitglieder: Sch\u00fctzenmeister Christian M\u00fcll, Schriftf\u00fchrer Rolf Hillefeld, Jugendwart Christian H\u00e4user, 1. Kassierer Karsten M\u00fcller und 2. Kassierer Mirco Pierdomenico wurden in ihren \u00c4mtern einstimmig best\u00e4tigt. Wolfgang Thumerer wurde als Kassenpr\u00fcfer einstimmig berufen. F\u00fcr seien 20j\u00e4hrige Mitgliedschaft wurde Wolfgang Thumerer mit der silbernen Vereinsnadel gedankt. Auf Grund der finanziellen Situation in Bezug auf die Hallenunterhaltung wurde einstimmig beschlossen, den Jahresbeitrag nach vier Jahren um 5 Euro zu erh\u00f6hen, dies entspricht einer Erh\u00f6hung von 42 Cent\/Monat. Zur langfristigen Verbesserung der Einnahmensituation wurde vom Vorstand der Antrag gestellt, einen F\u00f6rderverein des Sch\u00fctzenvereins zu gr\u00fcnden. Mit der \u00dcbernahme und Verwaltung der passiven Mitglieder in einem F\u00f6rderverein kommen deren Mitgliedsbeitr\u00e4ge in voller H\u00f6he allein dem Sch\u00fctzenverein zugute. Dieser Antrag wurde nach einer umfangreichen Erl\u00e4uterung einstimmig gebilligt. Zur weiteren Information der Mitglieder gab der Vorsitzende einen Ausblick auf das laufende Jahr. Im September wird das Ortsvereinsschie\u00dfen wieder ins Leben gerufen und am 6. Dezember findet erstmalig ein Nikolausschie\u00dfen f\u00fcr die Bev\u00f6lkerung statt. Alle Vereinsmitglieder waren sich zum Schluss der Versammlung darin einig, dass der Weg des Sch\u00fctzenvereins Kirch-G\u00f6ns in der Zukunft sicherlich nicht leicht wird, aber sie hoffen mit den neuen beschlossenen Ma\u00dfnahmen und der weiteren Unterst\u00fctzung aller Vereinsmitglieder einen guten Weg f\u00fcr die Zukunft zu finden.<\/p>\n\n\n\n<figure class=\"wp-block-image size-full\"><img loading=\"lazy\" decoding=\"async\" width=\"1024\" height=\"322\" src=\"https:\/\/875jahrekirchgoens.de\/wp-content\/uploads\/2025\/11\/grafik-93.png\" alt=\"\" class=\"wp-image-16921\" srcset=\"http:\/\/875jahrekirchgoens.de\/wp-content\/uploads\/2025\/11\/grafik-93.png 1024w, http:\/\/875jahrekirchgoens.de\/wp-content\/uploads\/2025\/11\/grafik-93-300x94.png 300w, http:\/\/875jahrekirchgoens.de\/wp-content\/uploads\/2025\/11\/grafik-93-768x242.png 768w\" sizes=\"auto, (max-width: 1024px) 100vw, 1024px\" \/><\/figure>\n\n\n\n<p>Der neue Vorstand es Kirch-G\u00f6nser Sch\u00fctzenvereins: (h. v. l.)                                                          Mit der silbernen Ehrennadel des Sch\u00fctzenvereins <br>Karsten M\u00fcller, Christian M\u00fcll, Mirco Pierdomenico,                                                                               wurde Wolfgang Thumerer vom Vorsitzenden<br>Gunther M\u00fcller, (v. v. l.) Rolf Hillefeld und Hagen Heinz.                                                                     Gunther M\u00fcller ausgezeichnet.<br>Auf dem Foto fehlen Christian H\u00e4user und Moritz Otto.<\/p>\n\n\n\n<p>Quelle und Bilder: Butzbacher Zeitung vom 8. April 2015<\/p>\n\n\n\n<p> <\/p>\n","protected":false},"excerpt":{"rendered":"<p>F\u00f6rderverein gegr\u00fcndet \/ Vorstand mit Gunther M\u00fcller an der Spitze wiedergew\u00e4hlt In der Mitgliederversammlung des Sch\u00fctzenverein Kirch-G\u00f6ns berichtete der 1. Vorsitzende Gunther M\u00fcller \u00fcber das letzte Jahr und bezog sich auf die Themen des Sports sowie der Vereinsentwicklung und die notwendigen Ma\u00dfnahmen zum Erhalt der Sch\u00fctzenhalle. Das Sportjahr 2014 war wie auch in den letzten &#8230; <a title=\"Energiekosten f\u00fcr Sch\u00fctzenhalle belasten Kirch-G\u00f6nser Sch\u00fctzenverein\" class=\"read-more\" href=\"http:\/\/875jahrekirchgoens.de\/?p=16920\" aria-label=\"Mehr Informationen \u00fcber Energiekosten f\u00fcr Sch\u00fctzenhalle belasten Kirch-G\u00f6nser Sch\u00fctzenverein\">Weiterlesen<\/a><\/p>\n","protected":false},"author":1,"featured_media":0,"comment_status":"closed","ping_status":"open","sticky":false,"template":"","format":"standard","meta":{"footnotes":""},"categories":[1],"tags":[],"class_list":["post-16920","post","type-post","status-publish","format-standard","hentry","category-infos"],"_links":{"self":[{"href":"http:\/\/875jahrekirchgoens.de\/index.php?rest_route=\/wp\/v2\/posts\/16920","targetHints":{"allow":["GET"]}}],"collection":[{"href":"http:\/\/875jahrekirchgoens.de\/index.php?rest_route=\/wp\/v2\/posts"}],"about":[{"href":"http:\/\/875jahrekirchgoens.de\/index.php?rest_route=\/wp\/v2\/types\/post"}],"author":[{"embeddable":true,"href":"http:\/\/875jahrekirchgoens.de\/index.php?rest_route=\/wp\/v2\/users\/1"}],"replies":[{"embeddable":true,"href":"http:\/\/875jahrekirchgoens.de\/index.php?rest_route=%2Fwp%2Fv2%2Fcomments&post=16920"}],"version-history":[{"count":1,"href":"http:\/\/875jahrekirchgoens.de\/index.php?rest_route=\/wp\/v2\/posts\/16920\/revisions"}],"predecessor-version":[{"id":16922,"href":"http:\/\/875jahrekirchgoens.de\/index.php?rest_route=\/wp\/v2\/posts\/16920\/revisions\/16922"}],"wp:attachment":[{"href":"http:\/\/875jahrekirchgoens.de\/index.php?rest_route=%2Fwp%2Fv2%2Fmedia&parent=16920"}],"wp:term":[{"taxonomy":"category","embeddable":true,"href":"http:\/\/875jahrekirchgoens.de\/index.php?rest_route=%2Fwp%2Fv2%2Fcategories&post=16920"},{"taxonomy":"post_tag","embeddable":true,"href":"http:\/\/875jahrekirchgoens.de\/index.php?rest_route=%2Fwp%2Fv2%2Ftags&post=16920"}],"curies":[{"name":"wp","href":"https:\/\/api.w.org\/{rel}","templated":true}]}}