{"id":16924,"date":"2015-04-22T22:36:00","date_gmt":"2015-04-22T22:36:00","guid":{"rendered":"https:\/\/875jahrekirchgoens.de\/?p=16924"},"modified":"2025-11-11T22:37:02","modified_gmt":"2025-11-11T22:37:02","slug":"langjaehrige-saenger-wurden-geehrt","status":"publish","type":"post","link":"http:\/\/875jahrekirchgoens.de\/?p=16924","title":{"rendered":"Langj\u00e4hrige S\u00e4nger wurden geehrt"},"content":{"rendered":"\n<p>Beim Bundeswertungssingen 2015 des S\u00e4ngerbundes H\u00fcttenberg-Schiffenberg in Langg\u00f6ns wurden auch zahlreiche langj\u00e4hrige S\u00e4ngerinnen und S\u00e4nger vom Bundesvorsitzenden Klaus Kummer mit Urkunden und Ehrennadeln geehrt. Das Foto zeigt die geehrten Jubilare, unter ihnen Rudi Weber aus Kirch-G\u00f6ns f\u00fcr 60-j\u00e4hrige S\u00e4ngert\u00e4tigkeit, Dieter H\u00f6lkeskamp und Karl-Heinz Schindel, beide Liederkranz Cleeberg, und Peter B. Braasch (Gesangverein 1862 Kirch-G\u00f6ns) f\u00fcr 50-j\u00e4hrige S\u00e4ngert\u00e4tigkeit und Reinhard Wenzel (Liederkranz Cleeberg) f\u00fcr 40-j\u00e4hrige S\u00e4ngert\u00e4tigkeit.<\/p>\n\n\n\n<figure class=\"wp-block-image size-full\"><img loading=\"lazy\" decoding=\"async\" width=\"1024\" height=\"463\" src=\"https:\/\/875jahrekirchgoens.de\/wp-content\/uploads\/2025\/11\/grafik-94.png\" alt=\"\" class=\"wp-image-16925\" srcset=\"http:\/\/875jahrekirchgoens.de\/wp-content\/uploads\/2025\/11\/grafik-94.png 1024w, http:\/\/875jahrekirchgoens.de\/wp-content\/uploads\/2025\/11\/grafik-94-300x136.png 300w, http:\/\/875jahrekirchgoens.de\/wp-content\/uploads\/2025\/11\/grafik-94-768x347.png 768w\" sizes=\"auto, (max-width: 1024px) 100vw, 1024px\" \/><\/figure>\n\n\n\n<p>Quelle und Bild: Butzbacher Zeitung vom 22. April 2015<\/p>\n","protected":false},"excerpt":{"rendered":"<p>Beim Bundeswertungssingen 2015 des S\u00e4ngerbundes H\u00fcttenberg-Schiffenberg in Langg\u00f6ns wurden auch zahlreiche langj\u00e4hrige S\u00e4ngerinnen und S\u00e4nger vom Bundesvorsitzenden Klaus Kummer mit Urkunden und Ehrennadeln geehrt. Das Foto zeigt die geehrten Jubilare, unter ihnen Rudi Weber aus Kirch-G\u00f6ns f\u00fcr 60-j\u00e4hrige S\u00e4ngert\u00e4tigkeit, Dieter H\u00f6lkeskamp und Karl-Heinz Schindel, beide Liederkranz Cleeberg, und Peter B. Braasch (Gesangverein 1862 Kirch-G\u00f6ns) f\u00fcr &#8230; <a title=\"Langj\u00e4hrige S\u00e4nger wurden geehrt\" class=\"read-more\" href=\"http:\/\/875jahrekirchgoens.de\/?p=16924\" aria-label=\"Mehr Informationen \u00fcber Langj\u00e4hrige S\u00e4nger wurden geehrt\">Weiterlesen<\/a><\/p>\n","protected":false},"author":1,"featured_media":0,"comment_status":"closed","ping_status":"open","sticky":false,"template":"","format":"standard","meta":{"footnotes":""},"categories":[1],"tags":[],"class_list":["post-16924","post","type-post","status-publish","format-standard","hentry","category-infos"],"_links":{"self":[{"href":"http:\/\/875jahrekirchgoens.de\/index.php?rest_route=\/wp\/v2\/posts\/16924","targetHints":{"allow":["GET"]}}],"collection":[{"href":"http:\/\/875jahrekirchgoens.de\/index.php?rest_route=\/wp\/v2\/posts"}],"about":[{"href":"http:\/\/875jahrekirchgoens.de\/index.php?rest_route=\/wp\/v2\/types\/post"}],"author":[{"embeddable":true,"href":"http:\/\/875jahrekirchgoens.de\/index.php?rest_route=\/wp\/v2\/users\/1"}],"replies":[{"embeddable":true,"href":"http:\/\/875jahrekirchgoens.de\/index.php?rest_route=%2Fwp%2Fv2%2Fcomments&post=16924"}],"version-history":[{"count":1,"href":"http:\/\/875jahrekirchgoens.de\/index.php?rest_route=\/wp\/v2\/posts\/16924\/revisions"}],"predecessor-version":[{"id":16927,"href":"http:\/\/875jahrekirchgoens.de\/index.php?rest_route=\/wp\/v2\/posts\/16924\/revisions\/16927"}],"wp:attachment":[{"href":"http:\/\/875jahrekirchgoens.de\/index.php?rest_route=%2Fwp%2Fv2%2Fmedia&parent=16924"}],"wp:term":[{"taxonomy":"category","embeddable":true,"href":"http:\/\/875jahrekirchgoens.de\/index.php?rest_route=%2Fwp%2Fv2%2Fcategories&post=16924"},{"taxonomy":"post_tag","embeddable":true,"href":"http:\/\/875jahrekirchgoens.de\/index.php?rest_route=%2Fwp%2Fv2%2Ftags&post=16924"}],"curies":[{"name":"wp","href":"https:\/\/api.w.org\/{rel}","templated":true}]}}