{"id":16929,"date":"2015-06-06T22:39:00","date_gmt":"2015-06-06T22:39:00","guid":{"rendered":"https:\/\/875jahrekirchgoens.de\/?p=16929"},"modified":"2025-11-11T22:40:40","modified_gmt":"2025-11-11T22:40:40","slug":"bilder-nachlese-vom-kirch-goenser-dorffest","status":"publish","type":"post","link":"http:\/\/875jahrekirchgoens.de\/?p=16929","title":{"rendered":"Bilder-Nachlese vom Kirch-G\u00f6nser Dorffest \u2026"},"content":{"rendered":"\n<figure class=\"wp-block-image size-full\"><img loading=\"lazy\" decoding=\"async\" width=\"1024\" height=\"787\" src=\"https:\/\/875jahrekirchgoens.de\/wp-content\/uploads\/2025\/11\/grafik-96.png\" alt=\"\" class=\"wp-image-16930\" srcset=\"http:\/\/875jahrekirchgoens.de\/wp-content\/uploads\/2025\/11\/grafik-96.png 1024w, http:\/\/875jahrekirchgoens.de\/wp-content\/uploads\/2025\/11\/grafik-96-300x231.png 300w, http:\/\/875jahrekirchgoens.de\/wp-content\/uploads\/2025\/11\/grafik-96-768x590.png 768w\" sizes=\"auto, (max-width: 1024px) 100vw, 1024px\" \/><\/figure>\n\n\n\n<p>\u2026 vor einer Woche auf dem Platz vor der evangelischen Kirche. Das Fest nahm am Sonntag mit einem Festgottesdienst mit Taufe zum 865-j\u00e4hrigen Jubil\u00e4um von Kirch-G\u00f6ns seinen Anfang. Nachmittags wurden in der Kirche Lichtbilder von einem zur\u00fcckliegenden Dorf-Jubil\u00e4umsfest gezeigt (Bild oben rechts). Die Bilderreihe unten zeigt Schnapssch\u00fcsse vom regen Treiben am Nachmittag des gut besuchten Dorffestes.<\/p>\n\n\n\n<p>Quelle und Bilder: Butzbacher Zeitung vom 6. Juni 2015<\/p>\n\n\n\n<p><\/p>\n","protected":false},"excerpt":{"rendered":"<p>\u2026 vor einer Woche auf dem Platz vor der evangelischen Kirche. Das Fest nahm am Sonntag mit einem Festgottesdienst mit Taufe zum 865-j\u00e4hrigen Jubil\u00e4um von Kirch-G\u00f6ns seinen Anfang. Nachmittags wurden in der Kirche Lichtbilder von einem zur\u00fcckliegenden Dorf-Jubil\u00e4umsfest gezeigt (Bild oben rechts). Die Bilderreihe unten zeigt Schnapssch\u00fcsse vom regen Treiben am Nachmittag des gut besuchten &#8230; <a title=\"Bilder-Nachlese vom Kirch-G\u00f6nser Dorffest \u2026\" class=\"read-more\" href=\"http:\/\/875jahrekirchgoens.de\/?p=16929\" aria-label=\"Mehr Informationen \u00fcber Bilder-Nachlese vom Kirch-G\u00f6nser Dorffest \u2026\">Weiterlesen<\/a><\/p>\n","protected":false},"author":1,"featured_media":0,"comment_status":"closed","ping_status":"open","sticky":false,"template":"","format":"standard","meta":{"footnotes":""},"categories":[1],"tags":[],"class_list":["post-16929","post","type-post","status-publish","format-standard","hentry","category-infos"],"_links":{"self":[{"href":"http:\/\/875jahrekirchgoens.de\/index.php?rest_route=\/wp\/v2\/posts\/16929","targetHints":{"allow":["GET"]}}],"collection":[{"href":"http:\/\/875jahrekirchgoens.de\/index.php?rest_route=\/wp\/v2\/posts"}],"about":[{"href":"http:\/\/875jahrekirchgoens.de\/index.php?rest_route=\/wp\/v2\/types\/post"}],"author":[{"embeddable":true,"href":"http:\/\/875jahrekirchgoens.de\/index.php?rest_route=\/wp\/v2\/users\/1"}],"replies":[{"embeddable":true,"href":"http:\/\/875jahrekirchgoens.de\/index.php?rest_route=%2Fwp%2Fv2%2Fcomments&post=16929"}],"version-history":[{"count":1,"href":"http:\/\/875jahrekirchgoens.de\/index.php?rest_route=\/wp\/v2\/posts\/16929\/revisions"}],"predecessor-version":[{"id":16931,"href":"http:\/\/875jahrekirchgoens.de\/index.php?rest_route=\/wp\/v2\/posts\/16929\/revisions\/16931"}],"wp:attachment":[{"href":"http:\/\/875jahrekirchgoens.de\/index.php?rest_route=%2Fwp%2Fv2%2Fmedia&parent=16929"}],"wp:term":[{"taxonomy":"category","embeddable":true,"href":"http:\/\/875jahrekirchgoens.de\/index.php?rest_route=%2Fwp%2Fv2%2Fcategories&post=16929"},{"taxonomy":"post_tag","embeddable":true,"href":"http:\/\/875jahrekirchgoens.de\/index.php?rest_route=%2Fwp%2Fv2%2Ftags&post=16929"}],"curies":[{"name":"wp","href":"https:\/\/api.w.org\/{rel}","templated":true}]}}