{"id":16943,"date":"1988-08-03T15:22:00","date_gmt":"1988-08-03T15:22:00","guid":{"rendered":"https:\/\/875jahrekirchgoens.de\/?p=16943"},"modified":"2025-11-12T15:24:10","modified_gmt":"2025-11-12T15:24:10","slug":"taubgasse-in-kirch-goens-spendete-ueber-1000-dm-fuer-borken","status":"publish","type":"post","link":"http:\/\/875jahrekirchgoens.de\/?p=16943","title":{"rendered":"Taubgasse in Kirch-G\u00f6ns spendete \u00fcber 1000 DM f\u00fcr Borken"},"content":{"rendered":"\n<figure class=\"wp-block-image size-full\"><img loading=\"lazy\" decoding=\"async\" width=\"1024\" height=\"388\" src=\"https:\/\/875jahrekirchgoens.de\/wp-content\/uploads\/2025\/11\/grafik-100.png\" alt=\"\" class=\"wp-image-16944\" srcset=\"http:\/\/875jahrekirchgoens.de\/wp-content\/uploads\/2025\/11\/grafik-100.png 1024w, http:\/\/875jahrekirchgoens.de\/wp-content\/uploads\/2025\/11\/grafik-100-300x114.png 300w, http:\/\/875jahrekirchgoens.de\/wp-content\/uploads\/2025\/11\/grafik-100-768x291.png 768w\" sizes=\"auto, (max-width: 1024px) 100vw, 1024px\" \/><\/figure>\n\n\n\n<p>Mit einer Geldspende von \u00fcber 1 000 DM, die als Reinerl\u00f6s bei einem Stra\u00dfenfest in der Taubgasse zustande kam, leisteten am Sonntag f\u00fcnf Kirch-G\u00f6nser B\u00fcrger einen wertvollen Beitrag zur Unterst\u00fctzung der Angeh\u00f6rigen der Bergwerkskatastrophe von wenigen Wochen. Gerd H\u00e4user, Thilo Lauer, Hans-J\u00fcrgen Nern, Bernd Zahn und Heinz Quack (linkes Bild v. l.) \u00fcberreichten die Summe anl\u00e4sslich eines Empfangs der Stadtverwaltung an den Borkener B\u00fcrgermeister He\u00dfler (Bild rechts). Wie Hans-J\u00fcrgen Nern als Sprecher der Kirch-G\u00f6nser aus der Taubgasse erkl\u00e4rte, entschlossen sich die Stra\u00dfenfestorganisatoren spontan dazu, den \u00dcberschuss ihres sehr gut besuchten Festes als Beitrag zur Milderung der Not der nach dem Ungl\u00fcck ohne Ern\u00e4hrer dastehenden Bergarbeiterfamilien zu spenden. In Borken wurde diese Geste, so B\u00fcrgermeister He\u00dfler und die beiden Direktoren des Bergwerkvereins, mit \u201eviel Dankbarkeit und Sympathie\u201c entgegengenommen. Nach Einer Besichtigung des Unfallortes wurden die f\u00fcnf Kirch-G\u00f6nser anschlie\u00dfend noch von Vertretern der Preussag als der Bergwerksbetreiberin zu einem gemeinsamen Essen eingeladen.<\/p>\n\n\n\n<p>Quelle und Bild: Butzbacher Zeitung vom 3. August 1988<\/p>\n","protected":false},"excerpt":{"rendered":"<p>Mit einer Geldspende von \u00fcber 1 000 DM, die als Reinerl\u00f6s bei einem Stra\u00dfenfest in der Taubgasse zustande kam, leisteten am Sonntag f\u00fcnf Kirch-G\u00f6nser B\u00fcrger einen wertvollen Beitrag zur Unterst\u00fctzung der Angeh\u00f6rigen der Bergwerkskatastrophe von wenigen Wochen. Gerd H\u00e4user, Thilo Lauer, Hans-J\u00fcrgen Nern, Bernd Zahn und Heinz Quack (linkes Bild v. l.) \u00fcberreichten die Summe &#8230; <a title=\"Taubgasse in Kirch-G\u00f6ns spendete \u00fcber 1000 DM f\u00fcr Borken\" class=\"read-more\" href=\"http:\/\/875jahrekirchgoens.de\/?p=16943\" aria-label=\"Mehr Informationen \u00fcber Taubgasse in Kirch-G\u00f6ns spendete \u00fcber 1000 DM f\u00fcr Borken\">Weiterlesen<\/a><\/p>\n","protected":false},"author":1,"featured_media":0,"comment_status":"closed","ping_status":"open","sticky":false,"template":"","format":"standard","meta":{"footnotes":""},"categories":[1],"tags":[],"class_list":["post-16943","post","type-post","status-publish","format-standard","hentry","category-infos"],"_links":{"self":[{"href":"http:\/\/875jahrekirchgoens.de\/index.php?rest_route=\/wp\/v2\/posts\/16943","targetHints":{"allow":["GET"]}}],"collection":[{"href":"http:\/\/875jahrekirchgoens.de\/index.php?rest_route=\/wp\/v2\/posts"}],"about":[{"href":"http:\/\/875jahrekirchgoens.de\/index.php?rest_route=\/wp\/v2\/types\/post"}],"author":[{"embeddable":true,"href":"http:\/\/875jahrekirchgoens.de\/index.php?rest_route=\/wp\/v2\/users\/1"}],"replies":[{"embeddable":true,"href":"http:\/\/875jahrekirchgoens.de\/index.php?rest_route=%2Fwp%2Fv2%2Fcomments&post=16943"}],"version-history":[{"count":1,"href":"http:\/\/875jahrekirchgoens.de\/index.php?rest_route=\/wp\/v2\/posts\/16943\/revisions"}],"predecessor-version":[{"id":16945,"href":"http:\/\/875jahrekirchgoens.de\/index.php?rest_route=\/wp\/v2\/posts\/16943\/revisions\/16945"}],"wp:attachment":[{"href":"http:\/\/875jahrekirchgoens.de\/index.php?rest_route=%2Fwp%2Fv2%2Fmedia&parent=16943"}],"wp:term":[{"taxonomy":"category","embeddable":true,"href":"http:\/\/875jahrekirchgoens.de\/index.php?rest_route=%2Fwp%2Fv2%2Fcategories&post=16943"},{"taxonomy":"post_tag","embeddable":true,"href":"http:\/\/875jahrekirchgoens.de\/index.php?rest_route=%2Fwp%2Fv2%2Ftags&post=16943"}],"curies":[{"name":"wp","href":"https:\/\/api.w.org\/{rel}","templated":true}]}}