{"id":16960,"date":"1991-09-14T15:45:00","date_gmt":"1991-09-14T15:45:00","guid":{"rendered":"https:\/\/875jahrekirchgoens.de\/?p=16960"},"modified":"2025-11-12T15:46:34","modified_gmt":"2025-11-12T15:46:34","slug":"taubgassenfest-war-wieder-ein-erlebnis","status":"publish","type":"post","link":"http:\/\/875jahrekirchgoens.de\/?p=16960","title":{"rendered":"Taubgassenfest war wieder ein Erlebnis"},"content":{"rendered":"<div class=\"wp-block-image\">\n<figure class=\"aligncenter size-full\"><img loading=\"lazy\" decoding=\"async\" width=\"512\" height=\"370\" src=\"https:\/\/875jahrekirchgoens.de\/wp-content\/uploads\/2025\/11\/grafik-105.png\" alt=\"\" class=\"wp-image-16961\" srcset=\"http:\/\/875jahrekirchgoens.de\/wp-content\/uploads\/2025\/11\/grafik-105.png 512w, http:\/\/875jahrekirchgoens.de\/wp-content\/uploads\/2025\/11\/grafik-105-300x217.png 300w\" sizes=\"auto, (max-width: 512px) 100vw, 512px\" \/><\/figure><\/div>\n\n\n<p>Am Nachmittag, des letzten Samstags hielt der k\u00fchle Witterungseinbruch noch etliche Besucher vom Kommen ab, aber am Abend war dann doch alles vereint auf dem Kirch-G\u00f6nser Taubgassenfest. Zu den Kl\u00e4ngen der \u201eNeubrunner Musikanten (Bild) tanzten und unterhielten sich die Stra\u00dfenfest-G\u00e4ste pr\u00e4chtig bis in die sp\u00e4ten Nachtstunden hinein. Mit dem Reinerl\u00f6s des diesj\u00e4hrigen Taubgassenfestes soll der neugegr\u00fcndete Musikzug der Freiwilligen Feuerwehr Kirch-G\u00f6ns unterst\u00fctzt werden <\/p>\n\n\n\n<p>Quelle und Bild: J\u00fcrgen Nern \/ Kirch-G\u00f6ns vom 14. September 1991<\/p>\n","protected":false},"excerpt":{"rendered":"<p>Am Nachmittag, des letzten Samstags hielt der k\u00fchle Witterungseinbruch noch etliche Besucher vom Kommen ab, aber am Abend war dann doch alles vereint auf dem Kirch-G\u00f6nser Taubgassenfest. Zu den Kl\u00e4ngen der \u201eNeubrunner Musikanten (Bild) tanzten und unterhielten sich die Stra\u00dfenfest-G\u00e4ste pr\u00e4chtig bis in die sp\u00e4ten Nachtstunden hinein. Mit dem Reinerl\u00f6s des diesj\u00e4hrigen Taubgassenfestes soll der &#8230; <a title=\"Taubgassenfest war wieder ein Erlebnis\" class=\"read-more\" href=\"http:\/\/875jahrekirchgoens.de\/?p=16960\" aria-label=\"Mehr Informationen \u00fcber Taubgassenfest war wieder ein Erlebnis\">Weiterlesen<\/a><\/p>\n","protected":false},"author":1,"featured_media":0,"comment_status":"closed","ping_status":"open","sticky":false,"template":"","format":"standard","meta":{"footnotes":""},"categories":[1],"tags":[],"class_list":["post-16960","post","type-post","status-publish","format-standard","hentry","category-infos"],"_links":{"self":[{"href":"http:\/\/875jahrekirchgoens.de\/index.php?rest_route=\/wp\/v2\/posts\/16960","targetHints":{"allow":["GET"]}}],"collection":[{"href":"http:\/\/875jahrekirchgoens.de\/index.php?rest_route=\/wp\/v2\/posts"}],"about":[{"href":"http:\/\/875jahrekirchgoens.de\/index.php?rest_route=\/wp\/v2\/types\/post"}],"author":[{"embeddable":true,"href":"http:\/\/875jahrekirchgoens.de\/index.php?rest_route=\/wp\/v2\/users\/1"}],"replies":[{"embeddable":true,"href":"http:\/\/875jahrekirchgoens.de\/index.php?rest_route=%2Fwp%2Fv2%2Fcomments&post=16960"}],"version-history":[{"count":1,"href":"http:\/\/875jahrekirchgoens.de\/index.php?rest_route=\/wp\/v2\/posts\/16960\/revisions"}],"predecessor-version":[{"id":16962,"href":"http:\/\/875jahrekirchgoens.de\/index.php?rest_route=\/wp\/v2\/posts\/16960\/revisions\/16962"}],"wp:attachment":[{"href":"http:\/\/875jahrekirchgoens.de\/index.php?rest_route=%2Fwp%2Fv2%2Fmedia&parent=16960"}],"wp:term":[{"taxonomy":"category","embeddable":true,"href":"http:\/\/875jahrekirchgoens.de\/index.php?rest_route=%2Fwp%2Fv2%2Fcategories&post=16960"},{"taxonomy":"post_tag","embeddable":true,"href":"http:\/\/875jahrekirchgoens.de\/index.php?rest_route=%2Fwp%2Fv2%2Ftags&post=16960"}],"curies":[{"name":"wp","href":"https:\/\/api.w.org\/{rel}","templated":true}]}}