{"id":16967,"date":"1992-08-15T15:51:00","date_gmt":"1992-08-15T15:51:00","guid":{"rendered":"https:\/\/875jahrekirchgoens.de\/?p=16967"},"modified":"2025-11-12T15:52:25","modified_gmt":"2025-11-12T15:52:25","slug":"mehr-als-1000-mark-fuer-naturschuetzer-gespendet","status":"publish","type":"post","link":"http:\/\/875jahrekirchgoens.de\/?p=16967","title":{"rendered":"Mehr als 1000 Mark f\u00fcr Natursch\u00fctzer gespendet"},"content":{"rendered":"<div class=\"wp-block-image\">\n<figure class=\"aligncenter size-full\"><img loading=\"lazy\" decoding=\"async\" width=\"512\" height=\"367\" src=\"https:\/\/875jahrekirchgoens.de\/wp-content\/uploads\/2025\/11\/grafik-106.png\" alt=\"\" class=\"wp-image-16968\" srcset=\"http:\/\/875jahrekirchgoens.de\/wp-content\/uploads\/2025\/11\/grafik-106.png 512w, http:\/\/875jahrekirchgoens.de\/wp-content\/uploads\/2025\/11\/grafik-106-300x215.png 300w\" sizes=\"auto, (max-width: 512px) 100vw, 512px\" \/><\/figure><\/div>\n\n\n<p>Exakt 1030 Mark aus dem Erl\u00f6s des Kirch-G\u00f6nser Taubgassenfestes konnte die Naturschutzgruppe Pohl-G\u00f6ns entgegennehmen. Die Organisatoren des j\u00e4hrlichen Stra\u00dfenfestes unterst\u00fctzten nach dem Bergwerksopfern von Borken und dem Diakonief\u00f6rderverein Ebersg\u00f6ns\/Kirch-G\u00f6ns\/Pohl-G\u00f6ns nun die r\u00fchrige Naturschutzgruppe. Sie soll mit dem Geld demn\u00e4chst weitere Anpflanzungen von B\u00e4umen, B\u00fcschen und Str\u00e4uchern in der Kirch-G\u00f6nser Gemarkung vornehmen. Unser Bild zeigt Hans-J\u00fcrgen Nern (2. v. r.) von den \u201eTaubg\u00e4ssern\u201c, der Werner Reusch, Renate Knorz (l.) und Brigitte Grobauer (r.) vom Vorstand der Natursch\u00fctzer die Summe diese Woch \u00fcberreichte.<\/p>\n\n\n\n<p>Quelle und Bild: J\u00fcrgen Nern \/ Kirch-G\u00f6ns, August 1992<\/p>\n","protected":false},"excerpt":{"rendered":"<p>Exakt 1030 Mark aus dem Erl\u00f6s des Kirch-G\u00f6nser Taubgassenfestes konnte die Naturschutzgruppe Pohl-G\u00f6ns entgegennehmen. Die Organisatoren des j\u00e4hrlichen Stra\u00dfenfestes unterst\u00fctzten nach dem Bergwerksopfern von Borken und dem Diakonief\u00f6rderverein Ebersg\u00f6ns\/Kirch-G\u00f6ns\/Pohl-G\u00f6ns nun die r\u00fchrige Naturschutzgruppe. Sie soll mit dem Geld demn\u00e4chst weitere Anpflanzungen von B\u00e4umen, B\u00fcschen und Str\u00e4uchern in der Kirch-G\u00f6nser Gemarkung vornehmen. Unser Bild zeigt Hans-J\u00fcrgen &#8230; <a title=\"Mehr als 1000 Mark f\u00fcr Natursch\u00fctzer gespendet\" class=\"read-more\" href=\"http:\/\/875jahrekirchgoens.de\/?p=16967\" aria-label=\"Mehr Informationen \u00fcber Mehr als 1000 Mark f\u00fcr Natursch\u00fctzer gespendet\">Weiterlesen<\/a><\/p>\n","protected":false},"author":1,"featured_media":0,"comment_status":"closed","ping_status":"open","sticky":false,"template":"","format":"standard","meta":{"footnotes":""},"categories":[1],"tags":[],"class_list":["post-16967","post","type-post","status-publish","format-standard","hentry","category-infos"],"_links":{"self":[{"href":"http:\/\/875jahrekirchgoens.de\/index.php?rest_route=\/wp\/v2\/posts\/16967","targetHints":{"allow":["GET"]}}],"collection":[{"href":"http:\/\/875jahrekirchgoens.de\/index.php?rest_route=\/wp\/v2\/posts"}],"about":[{"href":"http:\/\/875jahrekirchgoens.de\/index.php?rest_route=\/wp\/v2\/types\/post"}],"author":[{"embeddable":true,"href":"http:\/\/875jahrekirchgoens.de\/index.php?rest_route=\/wp\/v2\/users\/1"}],"replies":[{"embeddable":true,"href":"http:\/\/875jahrekirchgoens.de\/index.php?rest_route=%2Fwp%2Fv2%2Fcomments&post=16967"}],"version-history":[{"count":1,"href":"http:\/\/875jahrekirchgoens.de\/index.php?rest_route=\/wp\/v2\/posts\/16967\/revisions"}],"predecessor-version":[{"id":16969,"href":"http:\/\/875jahrekirchgoens.de\/index.php?rest_route=\/wp\/v2\/posts\/16967\/revisions\/16969"}],"wp:attachment":[{"href":"http:\/\/875jahrekirchgoens.de\/index.php?rest_route=%2Fwp%2Fv2%2Fmedia&parent=16967"}],"wp:term":[{"taxonomy":"category","embeddable":true,"href":"http:\/\/875jahrekirchgoens.de\/index.php?rest_route=%2Fwp%2Fv2%2Fcategories&post=16967"},{"taxonomy":"post_tag","embeddable":true,"href":"http:\/\/875jahrekirchgoens.de\/index.php?rest_route=%2Fwp%2Fv2%2Ftags&post=16967"}],"curies":[{"name":"wp","href":"https:\/\/api.w.org\/{rel}","templated":true}]}}