{"id":16976,"date":"1993-04-20T16:01:00","date_gmt":"1993-04-20T16:01:00","guid":{"rendered":"https:\/\/875jahrekirchgoens.de\/?p=16976"},"modified":"2025-11-12T16:03:21","modified_gmt":"2025-11-12T16:03:21","slug":"eine-ueberdachung","status":"publish","type":"post","link":"http:\/\/875jahrekirchgoens.de\/?p=16976","title":{"rendered":"Eine \u00dcberdachung \u2026"},"content":{"rendered":"<div class=\"wp-block-image\">\n<figure class=\"aligncenter size-full\"><img loading=\"lazy\" decoding=\"async\" width=\"512\" height=\"589\" src=\"https:\/\/875jahrekirchgoens.de\/wp-content\/uploads\/2025\/11\/grafik-109.png\" alt=\"\" class=\"wp-image-16977\" srcset=\"http:\/\/875jahrekirchgoens.de\/wp-content\/uploads\/2025\/11\/grafik-109.png 512w, http:\/\/875jahrekirchgoens.de\/wp-content\/uploads\/2025\/11\/grafik-109-261x300.png 261w\" sizes=\"auto, (max-width: 512px) 100vw, 512px\" \/><\/figure><\/div>\n\n\n<p>\u2026 w\u00fcnschst sich der Butzbacher Tierschutzverein-Vorsitzende Johann Weber (l.) f\u00fcr das Tierheim in der St. Florianstra\u00dfe, damit es die hier untergebrachten Tiere im Winter nicht mehr so kalt haben. Rechts im Bild der Kirch-G\u00f6nser Hans-J\u00fcrgen Nern, der den Erl\u00f6s des diesj\u00e4hrigen Taubgassenfestes dem Tierschutzverein zur Verf\u00fcgung stellen will.<\/p>\n\n\n\n<p>Quelle und Bild: Butzbacher Zeitung vom 20. April 1993<\/p>\n","protected":false},"excerpt":{"rendered":"<p>\u2026 w\u00fcnschst sich der Butzbacher Tierschutzverein-Vorsitzende Johann Weber (l.) f\u00fcr das Tierheim in der St. Florianstra\u00dfe, damit es die hier untergebrachten Tiere im Winter nicht mehr so kalt haben. Rechts im Bild der Kirch-G\u00f6nser Hans-J\u00fcrgen Nern, der den Erl\u00f6s des diesj\u00e4hrigen Taubgassenfestes dem Tierschutzverein zur Verf\u00fcgung stellen will. Quelle und Bild: Butzbacher Zeitung vom 20. &#8230; <a title=\"Eine \u00dcberdachung \u2026\" class=\"read-more\" href=\"http:\/\/875jahrekirchgoens.de\/?p=16976\" aria-label=\"Mehr Informationen \u00fcber Eine \u00dcberdachung \u2026\">Weiterlesen<\/a><\/p>\n","protected":false},"author":1,"featured_media":0,"comment_status":"closed","ping_status":"open","sticky":false,"template":"","format":"standard","meta":{"footnotes":""},"categories":[1],"tags":[],"class_list":["post-16976","post","type-post","status-publish","format-standard","hentry","category-infos"],"_links":{"self":[{"href":"http:\/\/875jahrekirchgoens.de\/index.php?rest_route=\/wp\/v2\/posts\/16976","targetHints":{"allow":["GET"]}}],"collection":[{"href":"http:\/\/875jahrekirchgoens.de\/index.php?rest_route=\/wp\/v2\/posts"}],"about":[{"href":"http:\/\/875jahrekirchgoens.de\/index.php?rest_route=\/wp\/v2\/types\/post"}],"author":[{"embeddable":true,"href":"http:\/\/875jahrekirchgoens.de\/index.php?rest_route=\/wp\/v2\/users\/1"}],"replies":[{"embeddable":true,"href":"http:\/\/875jahrekirchgoens.de\/index.php?rest_route=%2Fwp%2Fv2%2Fcomments&post=16976"}],"version-history":[{"count":1,"href":"http:\/\/875jahrekirchgoens.de\/index.php?rest_route=\/wp\/v2\/posts\/16976\/revisions"}],"predecessor-version":[{"id":16978,"href":"http:\/\/875jahrekirchgoens.de\/index.php?rest_route=\/wp\/v2\/posts\/16976\/revisions\/16978"}],"wp:attachment":[{"href":"http:\/\/875jahrekirchgoens.de\/index.php?rest_route=%2Fwp%2Fv2%2Fmedia&parent=16976"}],"wp:term":[{"taxonomy":"category","embeddable":true,"href":"http:\/\/875jahrekirchgoens.de\/index.php?rest_route=%2Fwp%2Fv2%2Fcategories&post=16976"},{"taxonomy":"post_tag","embeddable":true,"href":"http:\/\/875jahrekirchgoens.de\/index.php?rest_route=%2Fwp%2Fv2%2Ftags&post=16976"}],"curies":[{"name":"wp","href":"https:\/\/api.w.org\/{rel}","templated":true}]}}