{"id":16981,"date":"1993-06-14T16:08:00","date_gmt":"1993-06-14T16:08:00","guid":{"rendered":"https:\/\/875jahrekirchgoens.de\/?p=16981"},"modified":"2025-11-12T16:10:48","modified_gmt":"2025-11-12T16:10:48","slug":"erloes-fuer-tierschutzverein","status":"publish","type":"post","link":"http:\/\/875jahrekirchgoens.de\/?p=16981","title":{"rendered":"Erl\u00f6s f\u00fcr Tierschutzverein"},"content":{"rendered":"\n<p>Dem Tierschutzverein f\u00fcr Butzbach und Umgebung dient der Erl\u00f6s des Stra\u00dfenfestes, dass die Bewohner den Kirch-G\u00f6nser Taubgasse am kommenden Samstag, 12. Juni veranstalten. Das Taubgassenfest wird seit f\u00fcnf Jahren regelm\u00e4\u00dfig gefeiert, und sein \u00dcberschuss aus dem Verkauf von Speisen und Getr\u00e4nken dient immer einen guten Zweck. Nach den Opfern des Bergwerkungl\u00fccks in Borken, dem Diakonief\u00f6rderverein Ebersg\u00f6ns\/Kirch-G\u00f6ns\/Pohl-G\u00f6ns, dem neuorganisierten Musikzug der FFW Kirch-G\u00f6ns und der Naturschutzgruppe Pohl-G\u00f6ns kommt nun der Butzbacher Tierschutzverein als Empf\u00e4nger des Festerl\u00f6ses an die Reihe. Dar\u00fcber freut sich niemand mehr als der Tierschutzvereinsvorsitzende Johann Weber, denn er und seine Mitglieder haben in n\u00e4chster Zeit erhebliche Umbauten auf dem Gel\u00e4nde des Tierheimes vor. So gilt es, eine \u00dcberdachung zu schaffen. Die in Boxen und K\u00e4figen untergebrachten Tiere ben\u00f6tigen aber nicht nur eine geeignete Unterkunft, sondern auch Futtermittel und viele Medikamente, was mit erheblichen Kosten verbunden ist<\/p>\n\n\n\n<p class=\"has-text-align-center\"><strong>Beim Taubgassenfest ging es lustig zu<\/strong><\/p>\n\n\n<div class=\"wp-block-image\">\n<figure class=\"aligncenter size-full\"><img loading=\"lazy\" decoding=\"async\" width=\"512\" height=\"331\" src=\"https:\/\/875jahrekirchgoens.de\/wp-content\/uploads\/2025\/11\/grafik-110.png\" alt=\"\" class=\"wp-image-16982\" srcset=\"http:\/\/875jahrekirchgoens.de\/wp-content\/uploads\/2025\/11\/grafik-110.png 512w, http:\/\/875jahrekirchgoens.de\/wp-content\/uploads\/2025\/11\/grafik-110-300x194.png 300w\" sizes=\"auto, (max-width: 512px) 100vw, 512px\" \/><\/figure><\/div>\n\n\n<p>Ausnehmend gut gefiel es auch den ausw\u00e4rtigen Besuchern auf dem Kirch-G\u00f6nser Taubgassenfest (Bild), das am Samstag bis in die fr\u00fchen Morgenstunden hinein ausgiebig gefeiert wurde. Der Reinerl\u00f6s des zum f\u00fcnften Male von den Anwohnern der Taubgasse gemeinsam organisierten Stra\u00dfenfestes kommt dieses Jahr dem Tierschutzverein Butzbach und Umgebung zugute. <\/p>\n\n\n\n<p>Quelle und Bild: Butzbacher Zeitung vom 14. Juni 1993<\/p>\n","protected":false},"excerpt":{"rendered":"<p>Dem Tierschutzverein f\u00fcr Butzbach und Umgebung dient der Erl\u00f6s des Stra\u00dfenfestes, dass die Bewohner den Kirch-G\u00f6nser Taubgasse am kommenden Samstag, 12. Juni veranstalten. Das Taubgassenfest wird seit f\u00fcnf Jahren regelm\u00e4\u00dfig gefeiert, und sein \u00dcberschuss aus dem Verkauf von Speisen und Getr\u00e4nken dient immer einen guten Zweck. Nach den Opfern des Bergwerkungl\u00fccks in Borken, dem Diakonief\u00f6rderverein &#8230; <a title=\"Erl\u00f6s f\u00fcr Tierschutzverein\" class=\"read-more\" href=\"http:\/\/875jahrekirchgoens.de\/?p=16981\" aria-label=\"Mehr Informationen \u00fcber Erl\u00f6s f\u00fcr Tierschutzverein\">Weiterlesen<\/a><\/p>\n","protected":false},"author":1,"featured_media":0,"comment_status":"closed","ping_status":"open","sticky":false,"template":"","format":"standard","meta":{"footnotes":""},"categories":[1],"tags":[],"class_list":["post-16981","post","type-post","status-publish","format-standard","hentry","category-infos"],"_links":{"self":[{"href":"http:\/\/875jahrekirchgoens.de\/index.php?rest_route=\/wp\/v2\/posts\/16981","targetHints":{"allow":["GET"]}}],"collection":[{"href":"http:\/\/875jahrekirchgoens.de\/index.php?rest_route=\/wp\/v2\/posts"}],"about":[{"href":"http:\/\/875jahrekirchgoens.de\/index.php?rest_route=\/wp\/v2\/types\/post"}],"author":[{"embeddable":true,"href":"http:\/\/875jahrekirchgoens.de\/index.php?rest_route=\/wp\/v2\/users\/1"}],"replies":[{"embeddable":true,"href":"http:\/\/875jahrekirchgoens.de\/index.php?rest_route=%2Fwp%2Fv2%2Fcomments&post=16981"}],"version-history":[{"count":2,"href":"http:\/\/875jahrekirchgoens.de\/index.php?rest_route=\/wp\/v2\/posts\/16981\/revisions"}],"predecessor-version":[{"id":16985,"href":"http:\/\/875jahrekirchgoens.de\/index.php?rest_route=\/wp\/v2\/posts\/16981\/revisions\/16985"}],"wp:attachment":[{"href":"http:\/\/875jahrekirchgoens.de\/index.php?rest_route=%2Fwp%2Fv2%2Fmedia&parent=16981"}],"wp:term":[{"taxonomy":"category","embeddable":true,"href":"http:\/\/875jahrekirchgoens.de\/index.php?rest_route=%2Fwp%2Fv2%2Fcategories&post=16981"},{"taxonomy":"post_tag","embeddable":true,"href":"http:\/\/875jahrekirchgoens.de\/index.php?rest_route=%2Fwp%2Fv2%2Ftags&post=16981"}],"curies":[{"name":"wp","href":"https:\/\/api.w.org\/{rel}","templated":true}]}}