{"id":16986,"date":"1993-06-18T16:13:00","date_gmt":"1993-06-18T16:13:00","guid":{"rendered":"https:\/\/875jahrekirchgoens.de\/?p=16986"},"modified":"2025-11-12T16:14:49","modified_gmt":"2025-11-12T16:14:49","slug":"spenden-fuer-den-tierschutzverein","status":"publish","type":"post","link":"http:\/\/875jahrekirchgoens.de\/?p=16986","title":{"rendered":"Spenden f\u00fcr den Tierschutzverein"},"content":{"rendered":"<div class=\"wp-block-image\">\n<figure class=\"aligncenter size-full\"><img loading=\"lazy\" decoding=\"async\" width=\"512\" height=\"363\" src=\"https:\/\/875jahrekirchgoens.de\/wp-content\/uploads\/2025\/11\/grafik-111.png\" alt=\"\" class=\"wp-image-16987\" srcset=\"http:\/\/875jahrekirchgoens.de\/wp-content\/uploads\/2025\/11\/grafik-111.png 512w, http:\/\/875jahrekirchgoens.de\/wp-content\/uploads\/2025\/11\/grafik-111-300x213.png 300w\" sizes=\"auto, (max-width: 512px) 100vw, 512px\" \/><\/figure><\/div>\n\n\n<p>Johann und Maria Weber vom Butzbacher Tierschutzverein (2. V. l. und 2. v. r.) konnten sich am Dienstag \u00fcber den Eingang von weiteren Spenden in H\u00f6he von 1364 Mark freuen. 864 steuerte J\u00fcrgen Nern (l) von den Organisatoren des Kirch-G\u00f6nser Taubgassenfestes bei. 500 Mark makn von der Langg\u00f6nser Wohnbau-Firma Winter &amp; Schulz, der Gesch\u00e4ftsf\u00fchrer Hartmut Winter (Mitte) und Olaf Schulz (r.) den Scheck pers\u00f6nlich \u00fcberreichten. Das Geld wird vom Tierschutzverein dringend ben\u00f6tigt. Beispielweise konnte dank der beiden Spenden u. a. die Tumoroperation des Mischlingshundes \u201eMady\u201c bezahlt werden, der sich von dem Eingriff bereits gut erholt hat. Links neben \u201eMady\u201c steht der Butzbacher Sch\u00fcler Florian Menk, der sich nach Schule und Hausaufgaben regelm\u00e4\u00dfig um die im Tierheim untergebrachten Vierbeiner k\u00fcmmert. <\/p>\n\n\n\n<p>Quelle und Bild: J\u00fcrgen Nern \/ Kirch-G\u00f6ns vom 18. Juni 1993<\/p>\n","protected":false},"excerpt":{"rendered":"<p>Johann und Maria Weber vom Butzbacher Tierschutzverein (2. V. l. und 2. v. r.) konnten sich am Dienstag \u00fcber den Eingang von weiteren Spenden in H\u00f6he von 1364 Mark freuen. 864 steuerte J\u00fcrgen Nern (l) von den Organisatoren des Kirch-G\u00f6nser Taubgassenfestes bei. 500 Mark makn von der Langg\u00f6nser Wohnbau-Firma Winter &amp; Schulz, der Gesch\u00e4ftsf\u00fchrer Hartmut &#8230; <a title=\"Spenden f\u00fcr den Tierschutzverein\" class=\"read-more\" href=\"http:\/\/875jahrekirchgoens.de\/?p=16986\" aria-label=\"Mehr Informationen \u00fcber Spenden f\u00fcr den Tierschutzverein\">Weiterlesen<\/a><\/p>\n","protected":false},"author":1,"featured_media":0,"comment_status":"closed","ping_status":"open","sticky":false,"template":"","format":"standard","meta":{"footnotes":""},"categories":[1],"tags":[],"class_list":["post-16986","post","type-post","status-publish","format-standard","hentry","category-infos"],"_links":{"self":[{"href":"http:\/\/875jahrekirchgoens.de\/index.php?rest_route=\/wp\/v2\/posts\/16986","targetHints":{"allow":["GET"]}}],"collection":[{"href":"http:\/\/875jahrekirchgoens.de\/index.php?rest_route=\/wp\/v2\/posts"}],"about":[{"href":"http:\/\/875jahrekirchgoens.de\/index.php?rest_route=\/wp\/v2\/types\/post"}],"author":[{"embeddable":true,"href":"http:\/\/875jahrekirchgoens.de\/index.php?rest_route=\/wp\/v2\/users\/1"}],"replies":[{"embeddable":true,"href":"http:\/\/875jahrekirchgoens.de\/index.php?rest_route=%2Fwp%2Fv2%2Fcomments&post=16986"}],"version-history":[{"count":1,"href":"http:\/\/875jahrekirchgoens.de\/index.php?rest_route=\/wp\/v2\/posts\/16986\/revisions"}],"predecessor-version":[{"id":16988,"href":"http:\/\/875jahrekirchgoens.de\/index.php?rest_route=\/wp\/v2\/posts\/16986\/revisions\/16988"}],"wp:attachment":[{"href":"http:\/\/875jahrekirchgoens.de\/index.php?rest_route=%2Fwp%2Fv2%2Fmedia&parent=16986"}],"wp:term":[{"taxonomy":"category","embeddable":true,"href":"http:\/\/875jahrekirchgoens.de\/index.php?rest_route=%2Fwp%2Fv2%2Fcategories&post=16986"},{"taxonomy":"post_tag","embeddable":true,"href":"http:\/\/875jahrekirchgoens.de\/index.php?rest_route=%2Fwp%2Fv2%2Ftags&post=16986"}],"curies":[{"name":"wp","href":"https:\/\/api.w.org\/{rel}","templated":true}]}}