{"id":16990,"date":"1993-11-09T16:17:00","date_gmt":"1993-11-09T16:17:00","guid":{"rendered":"https:\/\/875jahrekirchgoens.de\/?p=16990"},"modified":"2025-11-12T16:18:52","modified_gmt":"2025-11-12T16:18:52","slug":"kirch-pohl-goenser-zuechter-erfolgreich","status":"publish","type":"post","link":"http:\/\/875jahrekirchgoens.de\/?p=16990","title":{"rendered":"Kirch-\/Pohl-G\u00f6nser Z\u00fcchter erfolgreich"},"content":{"rendered":"\n<p>Bester Gastverein bei der Jubil\u00e4umsschau des Kaninchenzuchtvereins Langg\u00f6ns aus Anlass des f\u00fcnfzigj\u00e4hrigen Bestehens war der Kleintierzuchtverein Kirch-\/Pohl-G\u00f6ns. Vorsitzender Friedel Werner konnte daf\u00fcr einen gro\u00dfen Ehrenpokal entgegennehmen. Weitere Ehrenpreise in Form von Pokalen konnten die Z\u00fcchtergemeinschaften Jaksch, Waldherr, Werner und Volk f\u00fcr ihre ausgestellten Lohkaninchen blau, schwarz, kleinsilber gelb und perlfeh sowie f\u00fcr helle Gro\u00dfsilber-Kaninchen entgegennehmen.<\/p>\n\n\n<div class=\"wp-block-image\">\n<figure class=\"aligncenter size-full\"><img loading=\"lazy\" decoding=\"async\" width=\"512\" height=\"370\" src=\"https:\/\/875jahrekirchgoens.de\/wp-content\/uploads\/2025\/11\/grafik-112.png\" alt=\"\" class=\"wp-image-16991\" srcset=\"http:\/\/875jahrekirchgoens.de\/wp-content\/uploads\/2025\/11\/grafik-112.png 512w, http:\/\/875jahrekirchgoens.de\/wp-content\/uploads\/2025\/11\/grafik-112-300x217.png 300w\" sizes=\"auto, (max-width: 512px) 100vw, 512px\" \/><\/figure><\/div>\n\n\n<p>Das Bild zeigt die erfolgreichen Kirch-\/Pohl-G\u00f6nser Z\u00fcchter (v. l. n. r.): Franz Jaksch, Klaus Volk, Walter Waldherr, Beate M\u00fcller-Werner, Henrik Werner und Friedel Werner. Es fehlt Andreas Gutowski.<\/p>\n\n\n\n<p>Quelle und Bild: Butzbacher Zeitung vom 9. November 1993<\/p>\n","protected":false},"excerpt":{"rendered":"<p>Bester Gastverein bei der Jubil\u00e4umsschau des Kaninchenzuchtvereins Langg\u00f6ns aus Anlass des f\u00fcnfzigj\u00e4hrigen Bestehens war der Kleintierzuchtverein Kirch-\/Pohl-G\u00f6ns. Vorsitzender Friedel Werner konnte daf\u00fcr einen gro\u00dfen Ehrenpokal entgegennehmen. Weitere Ehrenpreise in Form von Pokalen konnten die Z\u00fcchtergemeinschaften Jaksch, Waldherr, Werner und Volk f\u00fcr ihre ausgestellten Lohkaninchen blau, schwarz, kleinsilber gelb und perlfeh sowie f\u00fcr helle Gro\u00dfsilber-Kaninchen entgegennehmen. &#8230; <a title=\"Kirch-\/Pohl-G\u00f6nser Z\u00fcchter erfolgreich\" class=\"read-more\" href=\"http:\/\/875jahrekirchgoens.de\/?p=16990\" aria-label=\"Mehr Informationen \u00fcber Kirch-\/Pohl-G\u00f6nser Z\u00fcchter erfolgreich\">Weiterlesen<\/a><\/p>\n","protected":false},"author":1,"featured_media":0,"comment_status":"closed","ping_status":"open","sticky":false,"template":"","format":"standard","meta":{"footnotes":""},"categories":[1],"tags":[],"class_list":["post-16990","post","type-post","status-publish","format-standard","hentry","category-infos"],"_links":{"self":[{"href":"http:\/\/875jahrekirchgoens.de\/index.php?rest_route=\/wp\/v2\/posts\/16990","targetHints":{"allow":["GET"]}}],"collection":[{"href":"http:\/\/875jahrekirchgoens.de\/index.php?rest_route=\/wp\/v2\/posts"}],"about":[{"href":"http:\/\/875jahrekirchgoens.de\/index.php?rest_route=\/wp\/v2\/types\/post"}],"author":[{"embeddable":true,"href":"http:\/\/875jahrekirchgoens.de\/index.php?rest_route=\/wp\/v2\/users\/1"}],"replies":[{"embeddable":true,"href":"http:\/\/875jahrekirchgoens.de\/index.php?rest_route=%2Fwp%2Fv2%2Fcomments&post=16990"}],"version-history":[{"count":1,"href":"http:\/\/875jahrekirchgoens.de\/index.php?rest_route=\/wp\/v2\/posts\/16990\/revisions"}],"predecessor-version":[{"id":16992,"href":"http:\/\/875jahrekirchgoens.de\/index.php?rest_route=\/wp\/v2\/posts\/16990\/revisions\/16992"}],"wp:attachment":[{"href":"http:\/\/875jahrekirchgoens.de\/index.php?rest_route=%2Fwp%2Fv2%2Fmedia&parent=16990"}],"wp:term":[{"taxonomy":"category","embeddable":true,"href":"http:\/\/875jahrekirchgoens.de\/index.php?rest_route=%2Fwp%2Fv2%2Fcategories&post=16990"},{"taxonomy":"post_tag","embeddable":true,"href":"http:\/\/875jahrekirchgoens.de\/index.php?rest_route=%2Fwp%2Fv2%2Ftags&post=16990"}],"curies":[{"name":"wp","href":"https:\/\/api.w.org\/{rel}","templated":true}]}}