{"id":16999,"date":"1994-06-01T18:33:00","date_gmt":"1994-06-01T18:33:00","guid":{"rendered":"https:\/\/875jahrekirchgoens.de\/?p=16999"},"modified":"2025-11-12T18:34:39","modified_gmt":"2025-11-12T18:34:39","slug":"zum-25-geburtstag-steigt-grosses-fest","status":"publish","type":"post","link":"http:\/\/875jahrekirchgoens.de\/?p=16999","title":{"rendered":"Zum 25. Geburtstag steigt gro\u00dfes Fest"},"content":{"rendered":"\n<p><em>Kirch-G\u00f6nser Kindergarten pr\u00e4sentiert Programm zum Thema Bauernhof<\/em><\/p>\n\n\n\n<p>Am Sonntag, 12. Juni, feiert der st\u00e4dtische Kindergarten in Kirch-G\u00f6ns, der 1969 w\u00e4hrend der Amtszeit von B\u00fcrgermeister Reinhard Hanack gebaut wurde, seinen 25. Geburtstag. Seit dem letzten Elternabend sind die Festvorbereitungen in vollem Gang! Begeistert sind die Erzieher von dem gro\u00dfen Engagement der Eltern. Das Thema Bauernhof zieht sich wie ein roter Faden durch das ganze Fest. Sowohl die Begr\u00fc\u00dfungsbeitr\u00e4ge der Kinder wie auch die verschiedenen Aktivit\u00e4ten an diesem Tage, haben immer wieder mit diesem Thema zu tun. Eine Ausarbeitung zum Projekt Bauernhof gibt Einblick in die Kindergartenarbeit der Gelben Gruppe, w\u00e4hrend sich die Rote Gruppe in der letzten Zeit schwerpunktm\u00e4\u00dfig mit dem Thema \u201eWald\u201c und \u201eSinnes\u00fcbungen\u201c besch\u00e4ftigt hat. Etwa 30 ausgestellte Ausarbeitungen der Erzieher geben am Festtag Einblick in die p\u00e4dagogische Arbeit. Eine gro\u00dfe Anzahl von Fotob\u00e4nden mit \u00fcber 2 000 Fotos spiegeln die Entwicklung der letzten 25 Jahre wider. Und so werden alle Ehemaligen, die ganz besonders herzlich eingeladen sind, noch einmal in ihre Kindergartenzeit zur\u00fcckversetzt. Gleich am Hauseingang sind die G\u00e4stelisten vom 10-, 15- und 20-j\u00e4hrigen Jubil\u00e4um aufgeh\u00e4ngt und so mancher Erwachsene findet jetzt schon Namen in ersten ungelenken Schriftz\u00fcgen wieder. Als Zeichen gro\u00dfer Verbundenheit muss man das erneute Engagement der M\u00fctter ansehen, die bereits zum 15j\u00e4hrigen Jubil\u00e4um 1984 \u201ePeter und Wolf\u201c aufgef\u00fchrt haben und jetzt, zehn Jahre sp\u00e4ter, wieder als Theatergruppe am Festtag auftreten. Diesmal f\u00fchren sie, wie immer unter Anleitung von Frau Sch\u00fctz \u201eFlorian und Traktor Max\u201c auf. Florian, ein altes Zugpferd, das von seinem Bauern durch einen jungen, spritzigen Traktor ersetzt wird, muss die schmerzhafte Erfahrung machen, im Alter nicht mehr gebraucht zu werden. Durch besondere Umst\u00e4nde befreit er jedoch den Traktor aus einer misslichen Situation, und so werden beide Freunde. Der \u201eTraktor Max\u201c steht seit 1983, als ihn ein Opa gestiftet hat, im Kindergartenau\u00dfenbereich. Seit der Umr\u00fcstung und der Restaurierung in der Kirch-G\u00f6nser Autowerkstatt durch engagierte V\u00e4ter, geh\u00f6rt er zum hei\u00df geliebten Spielzeug der Kinder. Vor dem Theater, das am sp\u00e4ten Nachmittag beginnt, findet ein buntes Programm statt. Nach der offiziellen Begr\u00fc\u00dfung um 11 Uhr durch B\u00fcrgermeister Klaus J\u00fcrgen Fricke folgen verschiedene Darbietungen der Kinder. W\u00e4hrend des Mittagessens erfreut der Opa eines Kindes mit seiner Musik als Leierkastenmann die G\u00e4ste. Mit seinen Liedern hat er schon einmal bei einer Wanderung den Kindern viel Spa\u00df gemacht. Auch der Elternbeirat hat sich mit den Eltern f\u00fcr die Kinder etwas besonderes ausgedacht: Hans Bletz, der schon seit vielen Jahren f\u00fcr die Kindergartenkinder an Nikolaus das Backhaus anheizt, wurde engagiert, die Kinder kostenlos durch die Kirch-G\u00f6nser Gemarkung zu fahren. Im Dorf selbst sind \u00fcberall an diesem Tag Hinweise auf das Fest zu finden: Jedes Kind hat seinen eigenen Festbaum vom Kindergarten mitbekommen, der mit Festluftballon und B\u00e4ndern geschm\u00fcckt ist. Ab 14.30 Uhr verw\u00f6hnen alle M\u00fctter und Omas mit k\u00f6stlichem selbstgebackenem Kuchen und Kaffee die G\u00e4ste. Die Inder haben inzwischen die M\u00f6glichkeit Taschen zu drucken, Schweinchen zu basteln, zu weben, das Tastkino \u201eRund um den Bauernhof\u201c zu erproben, das Tischspiel \u201eHenne Betra\u201c zu machen und sich mit dem Schwungtuch zu bewegen. Mit den gr\u00f6\u00dferen f\u00fchrt die Jugendfeuerwehr Kirch-G\u00f6ns Wettspiele auf der Hindernisbahn durch. Wer sich gerne eine Erinnerung an diesem Tag mitnehmen m\u00f6chte, kann in der Werkstatt Basteleien der M\u00fctter und Erzieher kaufen. Hier kann jeder Besucher durch eine Festschrift in Form eines Bilderbuches erwerben, dass die Erzieher als Dankesch\u00f6n f\u00fcr alle Freunde des Kindergartens herausgegen haben. Die Erzieher freuen sich mit den Eltern und Kindern auf den gro\u00dfen Festtag und sich sicher, dass noch bis am sp\u00e4ten Abend viele gemeinsame Erinnerungen ausgetauscht werden. Nach dem Auftakt zum 25j\u00e4hrigen Jubil\u00e4um sind im Jubil\u00e4umsjahr noch weitere Aktivit\u00e4ten geplant. Zum Beispiel folgen ein Fr\u00fchst\u00fcckstreff mit den M\u00fcttern ehemaliger Kinder, an dem alte Dias betrachtet werden, und eine Fachtagung f\u00fcr Erzieher.<\/p>\n\n\n<div class=\"wp-block-image\">\n<figure class=\"aligncenter size-full\"><img loading=\"lazy\" decoding=\"async\" width=\"512\" height=\"404\" src=\"https:\/\/875jahrekirchgoens.de\/wp-content\/uploads\/2025\/11\/grafik-114.png\" alt=\"\" class=\"wp-image-17000\" srcset=\"http:\/\/875jahrekirchgoens.de\/wp-content\/uploads\/2025\/11\/grafik-114.png 512w, http:\/\/875jahrekirchgoens.de\/wp-content\/uploads\/2025\/11\/grafik-114-300x237.png 300w\" sizes=\"auto, (max-width: 512px) 100vw, 512px\" \/><\/figure><\/div>\n\n\n<p>Sein 25j\u00e4hriges Bestehen feiert am Sonntag, 12. Juli der Kindergarten im Butzbacher Stadtteil Kirch-G\u00f6ns. <\/p>\n\n\n\n<p>Bild: Butzbacher Zeitung vom 1. Juni 1994<\/p>\n","protected":false},"excerpt":{"rendered":"<p>Kirch-G\u00f6nser Kindergarten pr\u00e4sentiert Programm zum Thema Bauernhof Am Sonntag, 12. Juni, feiert der st\u00e4dtische Kindergarten in Kirch-G\u00f6ns, der 1969 w\u00e4hrend der Amtszeit von B\u00fcrgermeister Reinhard Hanack gebaut wurde, seinen 25. Geburtstag. Seit dem letzten Elternabend sind die Festvorbereitungen in vollem Gang! Begeistert sind die Erzieher von dem gro\u00dfen Engagement der Eltern. Das Thema Bauernhof zieht &#8230; <a title=\"Zum 25. Geburtstag steigt gro\u00dfes Fest\" class=\"read-more\" href=\"http:\/\/875jahrekirchgoens.de\/?p=16999\" aria-label=\"Mehr Informationen \u00fcber Zum 25. Geburtstag steigt gro\u00dfes Fest\">Weiterlesen<\/a><\/p>\n","protected":false},"author":1,"featured_media":0,"comment_status":"closed","ping_status":"open","sticky":false,"template":"","format":"standard","meta":{"footnotes":""},"categories":[1],"tags":[],"class_list":["post-16999","post","type-post","status-publish","format-standard","hentry","category-infos"],"_links":{"self":[{"href":"http:\/\/875jahrekirchgoens.de\/index.php?rest_route=\/wp\/v2\/posts\/16999","targetHints":{"allow":["GET"]}}],"collection":[{"href":"http:\/\/875jahrekirchgoens.de\/index.php?rest_route=\/wp\/v2\/posts"}],"about":[{"href":"http:\/\/875jahrekirchgoens.de\/index.php?rest_route=\/wp\/v2\/types\/post"}],"author":[{"embeddable":true,"href":"http:\/\/875jahrekirchgoens.de\/index.php?rest_route=\/wp\/v2\/users\/1"}],"replies":[{"embeddable":true,"href":"http:\/\/875jahrekirchgoens.de\/index.php?rest_route=%2Fwp%2Fv2%2Fcomments&post=16999"}],"version-history":[{"count":1,"href":"http:\/\/875jahrekirchgoens.de\/index.php?rest_route=\/wp\/v2\/posts\/16999\/revisions"}],"predecessor-version":[{"id":17001,"href":"http:\/\/875jahrekirchgoens.de\/index.php?rest_route=\/wp\/v2\/posts\/16999\/revisions\/17001"}],"wp:attachment":[{"href":"http:\/\/875jahrekirchgoens.de\/index.php?rest_route=%2Fwp%2Fv2%2Fmedia&parent=16999"}],"wp:term":[{"taxonomy":"category","embeddable":true,"href":"http:\/\/875jahrekirchgoens.de\/index.php?rest_route=%2Fwp%2Fv2%2Fcategories&post=16999"},{"taxonomy":"post_tag","embeddable":true,"href":"http:\/\/875jahrekirchgoens.de\/index.php?rest_route=%2Fwp%2Fv2%2Ftags&post=16999"}],"curies":[{"name":"wp","href":"https:\/\/api.w.org\/{rel}","templated":true}]}}