{"id":17008,"date":"1994-08-12T18:40:00","date_gmt":"1994-08-12T18:40:00","guid":{"rendered":"https:\/\/875jahrekirchgoens.de\/?p=17008"},"modified":"2025-11-12T18:41:52","modified_gmt":"2025-11-12T18:41:52","slug":"samstag-ist-taubgassenfest","status":"publish","type":"post","link":"http:\/\/875jahrekirchgoens.de\/?p=17008","title":{"rendered":"Samstag ist Taubgassenfest"},"content":{"rendered":"\n<p><em>Erl\u00f6s dient auch diesmal wieder gutem Zweck<\/em><\/p>\n\n\n\n<p>Bereits zum sechsten Mal feiern die Anlieger der Kirch-G\u00f6nser Taubgasse am Samstag, 13. August, ab 15 Uhr mit Musik, Tanz und guter Bewirtung ihr \u201eTaubgassenfest\u201c. Auch in diesem Jahr ist der Reinerl\u00f6s der Veranstaltung, zu der die ganze Bev\u00f6lkerung eingeladen ist, f\u00fcr einen guten Zweck bestimmt. Es ist diesmal die Interessengemeinschaft der Kirch-G\u00f6nser Ortsvereine, die sich auf einen Scheck freuen kann. Mit dem Geld, so Hans-J\u00fcrgen Nern vom Taubgassenfest-Komitee sollen Ger\u00e4tschaften gekauft werden, die von allen Ortsvereinen \u00fcber die IG kostenlos ausgeliehen und genutzt werden k\u00f6nnen. Am Samstag wird in der Taubgasse wieder eine kleine Freiluftkirmes veranstaltet. Tische und B\u00e4nke stehen mitten auf der Stra\u00dfe, Hofeinfahrten und kleine Caf\u00e9s, die ab 15 Uhr Kaffee und Kuchen anbieten. F\u00fcr k\u00fchle Getr\u00e4nke ist ebenfalls gesorgt. Stimmungsmusik macht wie im Vorjahr ab 18 Uhr die \u201eAll Sound Band\u201c aus Friedberg mit S\u00e4ngerin Eva. Dann wird die Taubgasse auch zur Tanzdiele bis in den sp\u00e4ten Abend hinein. An die Anlieger, auch an die in benachbarten Stra\u00dfen, ergeht die Bitte um Verst\u00e4ndnis, falls nach 20 Uhr noch etwas laut gefeiert werden sollte.<\/p>\n\n\n\n<p>Quelle: Butzbacher Zeitung<\/p>\n","protected":false},"excerpt":{"rendered":"<p>Erl\u00f6s dient auch diesmal wieder gutem Zweck Bereits zum sechsten Mal feiern die Anlieger der Kirch-G\u00f6nser Taubgasse am Samstag, 13. August, ab 15 Uhr mit Musik, Tanz und guter Bewirtung ihr \u201eTaubgassenfest\u201c. Auch in diesem Jahr ist der Reinerl\u00f6s der Veranstaltung, zu der die ganze Bev\u00f6lkerung eingeladen ist, f\u00fcr einen guten Zweck bestimmt. Es ist &#8230; <a title=\"Samstag ist Taubgassenfest\" class=\"read-more\" href=\"http:\/\/875jahrekirchgoens.de\/?p=17008\" aria-label=\"Mehr Informationen \u00fcber Samstag ist Taubgassenfest\">Weiterlesen<\/a><\/p>\n","protected":false},"author":1,"featured_media":0,"comment_status":"closed","ping_status":"open","sticky":false,"template":"","format":"standard","meta":{"footnotes":""},"categories":[1],"tags":[],"class_list":["post-17008","post","type-post","status-publish","format-standard","hentry","category-infos"],"_links":{"self":[{"href":"http:\/\/875jahrekirchgoens.de\/index.php?rest_route=\/wp\/v2\/posts\/17008","targetHints":{"allow":["GET"]}}],"collection":[{"href":"http:\/\/875jahrekirchgoens.de\/index.php?rest_route=\/wp\/v2\/posts"}],"about":[{"href":"http:\/\/875jahrekirchgoens.de\/index.php?rest_route=\/wp\/v2\/types\/post"}],"author":[{"embeddable":true,"href":"http:\/\/875jahrekirchgoens.de\/index.php?rest_route=\/wp\/v2\/users\/1"}],"replies":[{"embeddable":true,"href":"http:\/\/875jahrekirchgoens.de\/index.php?rest_route=%2Fwp%2Fv2%2Fcomments&post=17008"}],"version-history":[{"count":1,"href":"http:\/\/875jahrekirchgoens.de\/index.php?rest_route=\/wp\/v2\/posts\/17008\/revisions"}],"predecessor-version":[{"id":17009,"href":"http:\/\/875jahrekirchgoens.de\/index.php?rest_route=\/wp\/v2\/posts\/17008\/revisions\/17009"}],"wp:attachment":[{"href":"http:\/\/875jahrekirchgoens.de\/index.php?rest_route=%2Fwp%2Fv2%2Fmedia&parent=17008"}],"wp:term":[{"taxonomy":"category","embeddable":true,"href":"http:\/\/875jahrekirchgoens.de\/index.php?rest_route=%2Fwp%2Fv2%2Fcategories&post=17008"},{"taxonomy":"post_tag","embeddable":true,"href":"http:\/\/875jahrekirchgoens.de\/index.php?rest_route=%2Fwp%2Fv2%2Ftags&post=17008"}],"curies":[{"name":"wp","href":"https:\/\/api.w.org\/{rel}","templated":true}]}}