{"id":17015,"date":"1996-01-11T18:45:00","date_gmt":"1996-01-11T18:45:00","guid":{"rendered":"https:\/\/875jahrekirchgoens.de\/?p=17015"},"modified":"2025-11-12T18:46:26","modified_gmt":"2025-11-12T18:46:26","slug":"peter-maiwald-wurde-als-schuetze-des-jahres-gekuert","status":"publish","type":"post","link":"http:\/\/875jahrekirchgoens.de\/?p=17015","title":{"rendered":"Peter Maiwald wurde als Sch\u00fctze des Jahres gek\u00fcrt"},"content":{"rendered":"\n<p>F\u00fcr den Kirch-G\u00f6nser Sch\u00fctzenverein ging ein erfolgreiches harmonisches Jahr zu Ende. Das wurde bei einer Feier deutlich, in der die Mitglieder und Sportsch\u00fctzen geehrt wurden. Viel Beifalls erhielt Wolfgang Kr\u00e4mer, Sch\u00fctze der zweiten Luftgewehr-Mannschaft, f\u00fcr seine musikalischen Beitr\u00e4ge. Im Sportjahresr\u00fcckblick stand das Abschneiden der Aktiven bei den Rundenwettk\u00e4mpfen im Vordergrund. Entgegen dem Abschneiden des vergangenen Jahres, damals sicherte sich die l. Luftgewehr-Mannschaft gerade noch den Klassenerhalt, war zum Ende der Saison 95\/86 eine deutliche Verbesserung des Mannschaftsergebnisses zu verzeichnen. Die Mannschaft steigerte sich im Durchschnitt um 22 Ringe. Erreichte zwar wie im Vorjahr lediglich den 5<em>. <\/em>Tabellenplatz, in diesem Jahr, jedoch punktgleich mit dem Tabellendritten. Die .2 Mannschaft: schaffte bei geringer Steigerung des Mannschaftsergebnisses einen hervorragenden 2. Tabellenplatz und verbesserte sich damit deutlich gegen\u00fcber dem Ergebnis des Vorjahres. Die Aktiven Peter Maiwald. Markus. H\u00e4user und Ute M\u00f6ckel erreichten hervorragende Platzierungen in der Einzelwertung und waren Garten f\u00fcr die Erfolge der Mannschaft. Mit viel Applaus aufgenommen wurde auch das teilweise hervorragende Abschneider der u Luftpistolen-Sch\u00fctzen in der Wettkampfgemeinschaft mit dem Sch\u00fctzenverein Griedel. Die 1. Mannschaft belegte ungeschlagen mit 20:0 Punkten den 1. Tabellenplatz und steigt somit in die Kreisklasse auf. Die 2. Luftpistolenmannschaft kam \u00fcber den 6. Tabellenplatz in der Grundklasse 2 nicht hinaus. Die Sch\u00fctzen sind jedoch nicht entmutigt und haben f\u00fcr die Saison des kommenden Jahres eine deutliche Steigerung. Aufgrund einer von dem Sch\u00fctzen Peter Maiwald selbst nicht erwarteten Steigerung seines Durchschnittsergebnisses auf 373 Ringe wurde er mit deutlichem Vorsprung zum Sch\u00fctzen des Jahres gek\u00fcrt. Bei der Ehrung der Vereinsmeister dominierten in diesem Jahr die Sch\u00fctzen Hagen Heinz und Peter Maiwald, die drei- bzw. zweimal siegreich in ihrer Klasse waren. Auch der Sieg in der Kombinationswertung, hier werden die Ergebnisse Luftgewehr, Luftpistole und Kleinkaliber gemeinsam gewertet, ging an Peter Maiwald. Er wurde ausgezeichnet mit einem Pokal, gestiftet vom Magistrat der Stadt Butzbach. Der Mitgliederboom des Jahres 1981 mit 26 neuen Mitgliedern im Er\u00f6ffnungsjahr der Sch\u00fctzenhalle wurde in Erinnerung gerufen bei der Ehrung der Mitglieder. Mit der silbernen Ehrennadel wurden Gertrude Sang, Ralf Langsdorf, Michael Tschentscher, Klaus-Dieter Herbel, J\u00fcrgen Lotz, Oswald M\u00fcller und Elvira Janke ausgezeichnet. Die goldene Ehrennadel f\u00fcr 20-j\u00e4hrige Zugeh\u00f6rigkeit erhielt Margot Osthold aus den H\u00e4nden der Vorsitzenden. Nach wie vor beliebt und immer wieder spannend ist das allj\u00e4hrliche Preisschie\u00dfen auf Blattl, die nach 100stel Millimeter ausgewertet werden. Die besten Sch\u00fctzen waren hier &#8211; und dies kaum noch eine \u00dcberraschung &#8211; als Sieger Peter Maiwald und die Platzierten Markus H\u00e4user, Hagen Heinz, Wolfgang Kr\u00e4mer und Ute M\u00f6ckel. Interessante und originelle Sachpreise waren der Lohn f\u00fcr die M\u00fche, Der endg\u00fcltige Schluss des Jahres 1995 war die f\u00fcr die Aktiven das Jahresabschlussschie\u00dfen in der Zeit \u201ezwischen den Jahren&#8220;. Der \u00dcberraschungssieger des Jahrespokals hei\u00dft f\u00fcr1995 Wolfgang Kr\u00e4mer, der mit dem Kunstst\u00fcck der maximal-Ringzahl unangefochten Sieger wurde. Die n\u00e4chsten Platzierten waren Christian Winter, Ulrich Zelder und Ute M\u00f6ckel. Die Sieger der Kurt Hartig-Pokale hei\u00dfen in diesem Jahr Martina Boiler und Jens Quack. Gewinner des Rudi Stecher-Pokals f\u00fcr den besten Schuss beim K\u00f6nigs-Schie\u00dfen wurde der amtierende Sch\u00fctzenk\u00f6nig Jan Ost\u00ad hold. Ein froher und kameradschaftlicher Abend wurde gekr\u00f6nt von der Einladung der K\u00f6nigsfamilie zum traditionellen K\u00f6nigsessen. Neue Herausforderungen und Aufgaben sowohl im sportlichen als auch im gesellschaftlichen Bereich sind f\u00fcr 1996 zu bestehen und werden von den Aktiven sicherlich mit Engagement und auch mit der notwendigen Freude angegangen.<\/p>\n\n\n\n<p>Quelle: Butzbacher Zeitung vom 11. Januar 1996<\/p>\n","protected":false},"excerpt":{"rendered":"<p>F\u00fcr den Kirch-G\u00f6nser Sch\u00fctzenverein ging ein erfolgreiches harmonisches Jahr zu Ende. Das wurde bei einer Feier deutlich, in der die Mitglieder und Sportsch\u00fctzen geehrt wurden. Viel Beifalls erhielt Wolfgang Kr\u00e4mer, Sch\u00fctze der zweiten Luftgewehr-Mannschaft, f\u00fcr seine musikalischen Beitr\u00e4ge. Im Sportjahresr\u00fcckblick stand das Abschneiden der Aktiven bei den Rundenwettk\u00e4mpfen im Vordergrund. Entgegen dem Abschneiden des vergangenen &#8230; <a title=\"Peter Maiwald wurde als Sch\u00fctze des Jahres gek\u00fcrt\" class=\"read-more\" href=\"http:\/\/875jahrekirchgoens.de\/?p=17015\" aria-label=\"Mehr Informationen \u00fcber Peter Maiwald wurde als Sch\u00fctze des Jahres gek\u00fcrt\">Weiterlesen<\/a><\/p>\n","protected":false},"author":1,"featured_media":0,"comment_status":"closed","ping_status":"open","sticky":false,"template":"","format":"standard","meta":{"footnotes":""},"categories":[1],"tags":[],"class_list":["post-17015","post","type-post","status-publish","format-standard","hentry","category-infos"],"_links":{"self":[{"href":"http:\/\/875jahrekirchgoens.de\/index.php?rest_route=\/wp\/v2\/posts\/17015","targetHints":{"allow":["GET"]}}],"collection":[{"href":"http:\/\/875jahrekirchgoens.de\/index.php?rest_route=\/wp\/v2\/posts"}],"about":[{"href":"http:\/\/875jahrekirchgoens.de\/index.php?rest_route=\/wp\/v2\/types\/post"}],"author":[{"embeddable":true,"href":"http:\/\/875jahrekirchgoens.de\/index.php?rest_route=\/wp\/v2\/users\/1"}],"replies":[{"embeddable":true,"href":"http:\/\/875jahrekirchgoens.de\/index.php?rest_route=%2Fwp%2Fv2%2Fcomments&post=17015"}],"version-history":[{"count":1,"href":"http:\/\/875jahrekirchgoens.de\/index.php?rest_route=\/wp\/v2\/posts\/17015\/revisions"}],"predecessor-version":[{"id":17016,"href":"http:\/\/875jahrekirchgoens.de\/index.php?rest_route=\/wp\/v2\/posts\/17015\/revisions\/17016"}],"wp:attachment":[{"href":"http:\/\/875jahrekirchgoens.de\/index.php?rest_route=%2Fwp%2Fv2%2Fmedia&parent=17015"}],"wp:term":[{"taxonomy":"category","embeddable":true,"href":"http:\/\/875jahrekirchgoens.de\/index.php?rest_route=%2Fwp%2Fv2%2Fcategories&post=17015"},{"taxonomy":"post_tag","embeddable":true,"href":"http:\/\/875jahrekirchgoens.de\/index.php?rest_route=%2Fwp%2Fv2%2Ftags&post=17015"}],"curies":[{"name":"wp","href":"https:\/\/api.w.org\/{rel}","templated":true}]}}