{"id":17018,"date":"1996-04-09T18:48:00","date_gmt":"1996-04-09T18:48:00","guid":{"rendered":"https:\/\/875jahrekirchgoens.de\/?p=17018"},"modified":"2025-11-12T18:50:23","modified_gmt":"2025-11-12T18:50:23","slug":"hagen-heinz-und-gunther-mueller-weiter-an-der-spitze-der-schuetzen","status":"publish","type":"post","link":"http:\/\/875jahrekirchgoens.de\/?p=17018","title":{"rendered":"Hagen Heinz und Gunther M\u00fcller weiter an der Spitze der Sch\u00fctzen"},"content":{"rendered":"\n<p>In der gut besuchten Jahreshauptversammlung des Sch\u00fctzenvereins Kirch-G\u00f6ns wurden durch einstimmiges Votum der Mitglieder der 1. Vorsitzende Hagen Heinz und sein Stellvertreter Gunther M\u00fcller wiedergew\u00e4hlt. Nach dem Gedenken an die verstorbenen Vereinsmitglieder Karl Nern und Karl Seipp, letzterer erwarb sich bleibende Verdienste beim Bau der Sch\u00fctzenhalle, gab der Vorsitzende den Jahresbericht. Der Mitgliederbestand sei erfreulich konstant und liege derzeit bei 170 Mitgliedern. Das Material f\u00fcr eine neue \u00e4u\u00dfere Hallenverkleidung wurde beschafft, so dass in den n\u00e4chsten Wochen die Sch\u00fctzenhalle nach 15j\u00e4hrigem Bestehen ein neues Outfit erhalten wird. Auch die Erhaltungsarbeiten und die damit anstehenden Renovierungen im Inneren stehen 1996 auf dem Programm. Erw\u00e4hnt wurde die gesellschaftlichen Unternehmungen des vergangenen Jahres und dabei festgestellt, dass sich sowohl die Weihnachtsfeier wie auch der Sch\u00fctzenball bei Mitgliedern und der Bev\u00f6lkerung gr\u00f6\u00dfter Beliebtheit erfreut. Besondere Erw\u00e4hnung fanden die Aktivit\u00e4ten der Sch\u00fctzen anl\u00e4sslich des Jubil\u00e4umsfeste des Nachbarvereins Pohl-G\u00f6ns. Mit der Beteiligung am Dienstbetrieb und am gro\u00dfen Sch\u00fctzenumzug wurde die angestrebte nachbarliche Verbundenheit demonstriert. Beim Gemeindefest der evangelischen Kirche trug man mit einem ansehnlichen erwirtschafteten Betrag f\u00fcr die Sanierung der Orgel bei. Wie bereits im vergangenen Jahr soll bei entsprechender Beteiligung die \u201eLahntour auf dem Wasser\u201c veranstaltet werden. Laut Heinz wurden 1995 die organisatorischen Ma\u00dfnahmen gut umgesetzt. Insbesondere fand die neugeschaffene Dienstplanregelung f\u00fcr den Sport- wie auch den Hallenbetrieb bei den Aktiven Anklang. Die wichtigste Zielsetzung des Vereins, F\u00f6rderung des Sports und der Jugend m\u00fcsse verbessert werden. Im Vorstand wurden bereits einige wegweisende Beschl\u00fcsse gefasst. Noch im ersten Halbjahr soll eine verst\u00e4rkte Mitgliederwerbung betrieben werden. Entsprechende Veranstaltungen werden bereits geplant, um die Attraktivit\u00e4t des Schie\u00dfsports, wie er bei den Kirch-G\u00f6nsern Sch\u00fctzen betrieben wird, zu demonstrieren. Im Bericht des Sch\u00fctzenmeisters und 2. Vorsitzenden Gunther M\u00fcller wurde eine positive Entwicklung deutlich. Die neuformierte 1. Luftpistolenmannschaft, die eine Wettkampfgemeinschaft mit dem Nachbarverein in Griedel begr\u00fcndet hat, erreichte auf Anhieb den Klassensieg bei den Rundenwettk\u00e4mpfen. Die 2. Lupi-Mannschaft befindet sich noch im Aufbau, so dass f\u00fcr die kommende Saison sicherlich mit deutlich besseren Ergebnissen aufgewartet werden kann. Erfreulich warf auch das Abschneiden bei den Kreismeisterschaften. Hier wurden eine Reihe von vorderen Pl\u00e4tzen von den Aktiven errungen. Hervorzuheben war die Qualifikation von Ute M\u00f6ckel und Peter Maiwald f\u00fcr die Gaumeisterschaften. Deutliche sportliche Weiterentwicklungen konnten die aktiven der 1. und 2. Luftgewehrmannschaften bei den Rundenwettk\u00e4mpfen verzeichnen. Die 1. Mannschaft belegte ringgleich mit den Vereinen Griedel und Gambach einen Platz hinter dem gro\u00dfen Favorit aus Steinfurth und Pohl-G\u00f6ns. Exzellent schnitt die 2. Mannschaft ab, die sich lediglich von den Sch\u00fctzen aus Pohl-G\u00f6ns geschlagen geben musste. Sie erreichten eine einen 2. Platz in der Grundklasse 3. Von einer guten wirtschaftlichen Bilanz berichtete die Kassiererin Ingrid Herbel. Im Kassenbericht wurde jedoch auch deutlich, dass die Belastungen des Vereins, das hei\u00dft Abgaben an den Verband und sonstige Geb\u00fchren sich drastisch erh\u00f6ht haben. Der geringe \u00dcberschuss konnte nur erzielt werden dank \u00e4u\u00dferster Wirtschaftlichkeit und sparsamen Umgangs mit den vorhandenen Mitteln. Die Kassenpr\u00fcfer Gerd Giebl und Wolfgang Kr\u00e4mer bescheinigten der Kassiererin eine ordentliche Kassenf\u00fchrung und stellten den Antrag auf Entlastung des Vorstandes, der einstimmig von der Versammlung angenommen wurde. Unter der Leitung von Bernhard Peter fanden die Neuwahlen statt. Der 1. Vorsitzende Hagen Heinz und sein Stellvertreter Gunther M\u00fcller wurden einstimmig wiedergew\u00e4hlt. Bei der Erg\u00e4nzungswahl f\u00fcr die Kassenpr\u00fcfer wurde f\u00fcr den ausscheidenden Gerd Giebl Stefanie Parchmann von Gimborn gew\u00e4hlt. Gebilligt wurde von der Versammlung die Anhebung des Jahresbeitrags f\u00fcr Erwachsene um 3 DM und f\u00fcr Jugendliche um 1 DM. Mit einem Imbi\u00df klang die Versammlung aus.<\/p>\n\n\n<div class=\"wp-block-image\">\n<figure class=\"aligncenter size-full\"><img loading=\"lazy\" decoding=\"async\" width=\"683\" height=\"483\" src=\"https:\/\/875jahrekirchgoens.de\/wp-content\/uploads\/2025\/11\/grafik-118.png\" alt=\"\" class=\"wp-image-17019\" srcset=\"http:\/\/875jahrekirchgoens.de\/wp-content\/uploads\/2025\/11\/grafik-118.png 683w, http:\/\/875jahrekirchgoens.de\/wp-content\/uploads\/2025\/11\/grafik-118-300x212.png 300w\" sizes=\"auto, (max-width: 683px) 100vw, 683px\" \/><\/figure><\/div>\n\n\n<p class=\"has-text-align-center\">In der Jahreshauptversammlung des Sch\u00fctzenvereins wurde der Vorstand in seinem Amt best\u00e4tigt.<\/p>\n\n\n\n<p>Quelle und Bild: Butzbacher Zeitung vom 9. April 1996<\/p>\n","protected":false},"excerpt":{"rendered":"<p>In der gut besuchten Jahreshauptversammlung des Sch\u00fctzenvereins Kirch-G\u00f6ns wurden durch einstimmiges Votum der Mitglieder der 1. Vorsitzende Hagen Heinz und sein Stellvertreter Gunther M\u00fcller wiedergew\u00e4hlt. Nach dem Gedenken an die verstorbenen Vereinsmitglieder Karl Nern und Karl Seipp, letzterer erwarb sich bleibende Verdienste beim Bau der Sch\u00fctzenhalle, gab der Vorsitzende den Jahresbericht. Der Mitgliederbestand sei erfreulich &#8230; <a title=\"Hagen Heinz und Gunther M\u00fcller weiter an der Spitze der Sch\u00fctzen\" class=\"read-more\" href=\"http:\/\/875jahrekirchgoens.de\/?p=17018\" aria-label=\"Mehr Informationen \u00fcber Hagen Heinz und Gunther M\u00fcller weiter an der Spitze der Sch\u00fctzen\">Weiterlesen<\/a><\/p>\n","protected":false},"author":1,"featured_media":0,"comment_status":"closed","ping_status":"open","sticky":false,"template":"","format":"standard","meta":{"footnotes":""},"categories":[1],"tags":[],"class_list":["post-17018","post","type-post","status-publish","format-standard","hentry","category-infos"],"_links":{"self":[{"href":"http:\/\/875jahrekirchgoens.de\/index.php?rest_route=\/wp\/v2\/posts\/17018","targetHints":{"allow":["GET"]}}],"collection":[{"href":"http:\/\/875jahrekirchgoens.de\/index.php?rest_route=\/wp\/v2\/posts"}],"about":[{"href":"http:\/\/875jahrekirchgoens.de\/index.php?rest_route=\/wp\/v2\/types\/post"}],"author":[{"embeddable":true,"href":"http:\/\/875jahrekirchgoens.de\/index.php?rest_route=\/wp\/v2\/users\/1"}],"replies":[{"embeddable":true,"href":"http:\/\/875jahrekirchgoens.de\/index.php?rest_route=%2Fwp%2Fv2%2Fcomments&post=17018"}],"version-history":[{"count":2,"href":"http:\/\/875jahrekirchgoens.de\/index.php?rest_route=\/wp\/v2\/posts\/17018\/revisions"}],"predecessor-version":[{"id":17022,"href":"http:\/\/875jahrekirchgoens.de\/index.php?rest_route=\/wp\/v2\/posts\/17018\/revisions\/17022"}],"wp:attachment":[{"href":"http:\/\/875jahrekirchgoens.de\/index.php?rest_route=%2Fwp%2Fv2%2Fmedia&parent=17018"}],"wp:term":[{"taxonomy":"category","embeddable":true,"href":"http:\/\/875jahrekirchgoens.de\/index.php?rest_route=%2Fwp%2Fv2%2Fcategories&post=17018"},{"taxonomy":"post_tag","embeddable":true,"href":"http:\/\/875jahrekirchgoens.de\/index.php?rest_route=%2Fwp%2Fv2%2Ftags&post=17018"}],"curies":[{"name":"wp","href":"https:\/\/api.w.org\/{rel}","templated":true}]}}