{"id":17028,"date":"1996-06-01T19:02:00","date_gmt":"1996-06-01T19:02:00","guid":{"rendered":"https:\/\/875jahrekirchgoens.de\/?p=17028"},"modified":"2025-11-12T19:03:58","modified_gmt":"2025-11-12T19:03:58","slug":"neuer-schuetzenadel-proklamiert","status":"publish","type":"post","link":"http:\/\/875jahrekirchgoens.de\/?p=17028","title":{"rendered":"Neuer.Sch\u00fctzenadel proklamiert"},"content":{"rendered":"\n<p><strong>K\u00f6nigspaar: Jupp Giebl-Martina Boiler<\/strong><\/p>\n\n\n\n<p>Josef Giebl als Sch\u00fctzenk\u00f6nig und Martina Boller als Sch\u00fctzenk\u00f6nigin sind das neue Regenten Paar des Kirch-G\u00f6nser Sch\u00fctzenadel. Beiden zur Seite stehen als Mitglieder des Hofstaates l. Ritter Wolfgang Becker, Hofdame Monika Heinz, 2. Ritter Nefzat Aslan und Prinz Markus H\u00e4user. Die Proklamation der K\u00f6nigsfamilie fand anl\u00e4sslich des schon zur Tradition gewordenen Sch\u00fctzenball am Samstagabend in der Sch\u00fctzenhalle statt. Dort konnte Sch\u00fctzenvereinsvor\u00ad sitzender Hagen Heinz unter den G\u00e4sten auch Besuch aus der Oberpfalz willkommen hei\u00dfen, sowie die Vertreter der Ortsvereine. Nach einem musikalischen Auftakt der Kapelle \u201eNobody ist perfect&#8220; nahmen Hagen Heinz und sein Stellvertreter Gunther M\u00fcller, die Siegerehrung des diesj\u00e4hrigen Kirch-G\u00f6nser Jahresschie\u00dfens vor, das heuer bereits mm 28. Mal ausgetragen wurde. \u00dcber die Ergebnisse des Jahresschie\u00dfen wurde bereits in der BZ berichtet. Beim Schie\u00dfen auf die Gl\u00fccksscheibe gab es ebenfalls einen kleinen Wechsel, denn Bettina Frey, eine etwas noch j\u00fcngere \u201eNichtsch\u00fctzin&#8220; erzielt bei diesem Schie\u00dfen exakt 152 Punkte und l\u00f6ste Vorjahressiegerin Marlies M\u00fcll ab. Weitere Platzierungen: Norbert Boller (Handballeltern der Minis-SG 133 Punkte), J\u00fcrgen R\u00fchl (Gesangverein 128 Punkte), Martina Becker (Magic in Par diese\/125 Punkte), Gerd Giebl (KC \u201e501&#8243;\/118 Punkte), Hans Watz (CDU\/114 Punkte), Tina Schicketanz (weibliche Jgd. A SG Kirch-\/ Pohl-G\u00f6ns, 114 Punkte), Henning Rusch (Eintracht Fan-Club\/112), Steffen H\u00e4user (Kleintierzuchtverein\/112 Punkte). und Conny Ewald (Damen II SG Kirch\/Pohl\u00ad G\u00f6ns\/105 Punkte). Gro\u00dfen Anklang fand auch das diesj\u00e4hrige Er &amp; Sie-Schie\u00dfen und das Schie\u00dfen mit der Familie. Beim Er &amp; Sie-Schie\u00dfen belegten Bernd und Renate M\u00fcl1er mit insgesamt 235 Ringen den ersten Platz. Dahinter folgten J\u00fcrgen und Annerose D\u00e4mon mit 216 Ringen und Michael und Christina Knebel mit 191 Ringen. An diesem Wettbewerb durften sich nur Nichtmitglieder beteiligen. Die einzelnen Paare setzten sich wie folgt zusammen: Strickclub \u201eFlinke Nadel&#8220;, Kleintierzuchtverein, Sch\u00e4ferhundeverein, Gruppe ,,Magic in Paradise&#8220; und Formel 1 Team. In der Familienwertung belegte mit 327 Ringen die Familie Gerd H\u00e4user den ersten Platz. Bereits zum 33.Mal wurde das K\u00f6nigsschie\u00dfen ausgetragen. Vor der Proklamation des diesj\u00e4hrigen Sch\u00fctzenadels lie\u00df Hagen Heinz den alten Adel um Jan Osthold und Martina Boller die Zeichen ihrer W\u00fcrde wie K\u00f6nigskette und Orden an ihre Nachfolger \u00fcberreichen. In seiner Laudatio auf den neuen Sch\u00fctzenk\u00f6nig erw\u00e4hnte Heinz, dass Josef Giebl ein Mann der ersten Stunde, Gr\u00fcnder und Ehrenmitglied sei und seit 33 Jahren auf einen solchen Titel gewartet habe. Ein Rekord zeichnete sich mit dem 2. Ritter Wolfgang Becker ab. Dieser erreichte im Vorjahr den selbigen Titel, ebenso in 1981, 89 und 91. Ein einmaliger Geschwindigkeitsrekord in der Vereinsgeschichte gab es bei dem diesj\u00e4hrigen Schie\u00dfen innerhalb dieses Wettbewerbs. Bei dem Titel um den 2. Ritter, Nefzat Aslan, kann man es sprichw\u00f6rtlich so ausdr\u00fccken: \u201eEr kam und siegte&#8220;. Denn nach nur 70min\u00fctiger Mitgliedschaft im SV Kirch-G\u00f6ns traf er mit vier Sch\u00fcssen. Sch\u00fctzenk\u00f6nigin Martina Boller konnte den letztj\u00e4hrigen errungenen Titel erfolgreich wiederholen. In den Jahren 91, 92 und 94war Martina Boller bereits Hofdame. Ihr zur Seite steht Monika Heinz, die Frau des ersten Vorsitzenden. Die diesj\u00e4hrige Hofdame hatte bis jetzt noch keinen W\u00fcrdentitel errungen. Nach der Proklamation durfte der neue K\u00f6nigsadel den gem\u00fctlichen Teil des Sch\u00fctzenballs mit einem T\u00e4nzchen er\u00f6ffnen. Anschlie\u00dfend feierte man bis in den fr\u00fchen Morgen. Zur Verlosung kam auch in diesem Jahr wieder eine reichhaltig best\u00fcckte Tombola, deren Gewinne von Mitgliedern des Vereins und aus der Gesch\u00e4ftswelt gespendet worden waren<\/p>\n\n\n<div class=\"wp-block-image\">\n<figure class=\"aligncenter size-full\"><img loading=\"lazy\" decoding=\"async\" width=\"532\" height=\"350\" src=\"https:\/\/875jahrekirchgoens.de\/wp-content\/uploads\/2025\/11\/grafik-121.png\" alt=\"\" class=\"wp-image-17029\" srcset=\"http:\/\/875jahrekirchgoens.de\/wp-content\/uploads\/2025\/11\/grafik-121.png 532w, http:\/\/875jahrekirchgoens.de\/wp-content\/uploads\/2025\/11\/grafik-121-300x197.png 300w\" sizes=\"auto, (max-width: 532px) 100vw, 532px\" \/><\/figure><\/div>\n\n<div class=\"wp-block-image\">\n<figure class=\"aligncenter size-full\"><img loading=\"lazy\" decoding=\"async\" width=\"850\" height=\"316\" src=\"https:\/\/875jahrekirchgoens.de\/wp-content\/uploads\/2025\/11\/grafik-122.png\" alt=\"\" class=\"wp-image-17030\" srcset=\"http:\/\/875jahrekirchgoens.de\/wp-content\/uploads\/2025\/11\/grafik-122.png 850w, http:\/\/875jahrekirchgoens.de\/wp-content\/uploads\/2025\/11\/grafik-122-300x112.png 300w, http:\/\/875jahrekirchgoens.de\/wp-content\/uploads\/2025\/11\/grafik-122-768x286.png 768w\" sizes=\"auto, (max-width: 850px) 100vw, 850px\" \/><\/figure><\/div>\n\n\n<p>Im Rahmen des Kirch-G\u00f6nser Sch\u00fctzenballs wurden der Sch\u00fctzenadel vorgestellt und die Sieger des Jahresschie\u00dfens der Ortsvereine ausgezeichnet.<\/p>\n\n\n\n<p>Quelle und Bilder: Butzbacher Zeitung \/ 1996<\/p>\n","protected":false},"excerpt":{"rendered":"<p>K\u00f6nigspaar: Jupp Giebl-Martina Boiler Josef Giebl als Sch\u00fctzenk\u00f6nig und Martina Boller als Sch\u00fctzenk\u00f6nigin sind das neue Regenten Paar des Kirch-G\u00f6nser Sch\u00fctzenadel. Beiden zur Seite stehen als Mitglieder des Hofstaates l. Ritter Wolfgang Becker, Hofdame Monika Heinz, 2. Ritter Nefzat Aslan und Prinz Markus H\u00e4user. Die Proklamation der K\u00f6nigsfamilie fand anl\u00e4sslich des schon zur Tradition gewordenen &#8230; <a title=\"Neuer.Sch\u00fctzenadel proklamiert\" class=\"read-more\" href=\"http:\/\/875jahrekirchgoens.de\/?p=17028\" aria-label=\"Mehr Informationen \u00fcber Neuer.Sch\u00fctzenadel proklamiert\">Weiterlesen<\/a><\/p>\n","protected":false},"author":1,"featured_media":0,"comment_status":"closed","ping_status":"open","sticky":false,"template":"","format":"standard","meta":{"footnotes":""},"categories":[1],"tags":[],"class_list":["post-17028","post","type-post","status-publish","format-standard","hentry","category-infos"],"_links":{"self":[{"href":"http:\/\/875jahrekirchgoens.de\/index.php?rest_route=\/wp\/v2\/posts\/17028","targetHints":{"allow":["GET"]}}],"collection":[{"href":"http:\/\/875jahrekirchgoens.de\/index.php?rest_route=\/wp\/v2\/posts"}],"about":[{"href":"http:\/\/875jahrekirchgoens.de\/index.php?rest_route=\/wp\/v2\/types\/post"}],"author":[{"embeddable":true,"href":"http:\/\/875jahrekirchgoens.de\/index.php?rest_route=\/wp\/v2\/users\/1"}],"replies":[{"embeddable":true,"href":"http:\/\/875jahrekirchgoens.de\/index.php?rest_route=%2Fwp%2Fv2%2Fcomments&post=17028"}],"version-history":[{"count":1,"href":"http:\/\/875jahrekirchgoens.de\/index.php?rest_route=\/wp\/v2\/posts\/17028\/revisions"}],"predecessor-version":[{"id":17031,"href":"http:\/\/875jahrekirchgoens.de\/index.php?rest_route=\/wp\/v2\/posts\/17028\/revisions\/17031"}],"wp:attachment":[{"href":"http:\/\/875jahrekirchgoens.de\/index.php?rest_route=%2Fwp%2Fv2%2Fmedia&parent=17028"}],"wp:term":[{"taxonomy":"category","embeddable":true,"href":"http:\/\/875jahrekirchgoens.de\/index.php?rest_route=%2Fwp%2Fv2%2Fcategories&post=17028"},{"taxonomy":"post_tag","embeddable":true,"href":"http:\/\/875jahrekirchgoens.de\/index.php?rest_route=%2Fwp%2Fv2%2Ftags&post=17028"}],"curies":[{"name":"wp","href":"https:\/\/api.w.org\/{rel}","templated":true}]}}