{"id":17047,"date":"1997-03-25T19:19:00","date_gmt":"1997-03-25T19:19:00","guid":{"rendered":"https:\/\/875jahrekirchgoens.de\/?p=17047"},"modified":"2025-11-12T19:20:16","modified_gmt":"2025-11-12T19:20:16","slug":"rolf-hillefeld-wurde-erstmals-schuetze-des-jahres","status":"publish","type":"post","link":"http:\/\/875jahrekirchgoens.de\/?p=17047","title":{"rendered":"Rolf Hillefeld wurde erstmals \u201eSch\u00fctze des Jahres\u201c"},"content":{"rendered":"\n<p>Zwar waren die erzielten Ergebnisse bei den Vereinsmeisterschaften der Kirch-G\u00f6nser Sch\u00fctzen eher durchschnittlicher Natur, trotzdem konnten sich Ute M\u00f6ckel, Udo Guth\u00f6rl und Kurt Hartig f\u00fcr die Gaumeisterschaften qualifizieren. Die dort erreichten Leistungen sollten allerdings nicht ausreichen, um bei den Landesmeisterschaften mitzuschie\u00dfen. Erfolgreicher lief es bei den Junioren, denn Christian Winter (Luftpistole) sicherte sich durch gute Ergebnisse bei den Kreis- und. Gaumeisterschaften als einziges Mitglied des Sch\u00fctzenvereins Kirch-G\u00f6ns die Teilnahme an den hessischen Titelk\u00e4mpfen. Die Aktiven waren in den Landesrundenwettk\u00e4mpfen wesentlich best\u00e4ndiger als bei den Qualifikationen. Die 1. Mannschaft sicherte sich in einem starken Teilnehmerfeld einen guten f\u00fcnften Platz. Einige knappe Niederlagen waren vermeidbar, so dass das Team bei etwas mehr Gl\u00fcck noch weiter vorne h\u00e4tte landen k\u00f6nnen. Deutlich wird dies bei der Bilanz der Einzelwertung f\u00fcr Peter Maiwald, denn er belegte im Endklassement mit durchschnittlich 371,60 Ringen einen her\u00ad vorragenden zweiten Platz. Kurt Hartig wurde er mit einer Leistung von 363,70 Ringen Neunter. Die \u00dcberraschungsmannschaft aber war die zweite Garnitur der Kirch-G\u00f6nser Schie\u00dfsportler. In der Endabrechnung sprang ein zweiter Platz in der Tabelle heraus. Diese Vizemeisterschaft wurde sehr knapp errungen, denn jeweils vier Mannschaften waren mit den gl\u00fccklicheren Kirch-G\u00f6nsern punktgleich. Den Ausschlag gab die um einen Hauch bessere Ringdifferenz. Die erfolgreichsten Sch\u00fctzen des Teams waren Markus H\u00e4user mit einem sechsten Platz (355,40Ringe) in der Gesamteinzelwertung und Ute M\u00f6ckel, die mit 351,40 Ringen auf dem achten Rang landete. Die vereinsinternen Wettk\u00e4mpfe zum Abschluss der Saison 1996\/97 waren eine spannende Angelegenheit und bargen so manche \u00dcberraschung. So wurde erstmalig in der Vereinsgeschichte einem Luftpistolensportler die Ehre zuteil \u201eSch\u00fctze des Jahres&#8220; zu werden. Dieses Kunstst\u00fcck schaffte Rolf Hillefeld, der sein Durchschnittsergebnis im Vergleich zu den Rundenk\u00e4mpfen des Vorjahres um zw\u00f6lf Ringe steigerte und-alle Konkurrenten, auch die Gewehrsportler, deutlich hinter sich lie\u00df. Aufgrund seines derzeitigen Leistungshochs hat er alle Chancen, seinen Titel im n\u00e4chsten Jahr zu verteidigen. Hinter Hillefeld lag die ,,ewige Zweite&#8220; Ute M\u00f6ckel vor dem Drittplatzieren Markus H\u00e4user, der wieder eine Superleistung vollbrachte, und Wolfgang Kr\u00e4mer auf Rang vier. <img loading=\"lazy\" decoding=\"async\" width=\"2\" height=\"15\" src=\"\">Wolfgang Kr\u00e4mer wurde Kombinationssieger, denn keiner schoss in den Disziplinen Luftgewehr, Luftpistole und Kleinkaliber so best\u00e4ndig wie er. Zwar erreichte Kr\u00e4mer keinen ersten Platz in einer der drei Einzel-Konkurrenzen, dennoch schaffte der Allroundsch\u00fctze sehr gute Einzelplatzierungen, die ihn als \u00dcberraschungssieger die Wertung f\u00fcr sich entscheiden lie\u00dfen. Wenn Kr\u00e4mer. die Leistungsdichte beibehalten kann, d\u00fcrfte er auch in Zukunft den Kombinationswettbewerb dominieren. Wolfgang Kr\u00e4mer reichten 915 Punkte zum ungef\u00e4hrdeten Sieg. Sie setzten sich zusammen aus 349 Punkten (f\u00fcnfter Platz) beim Luftgewehr, 234 Ringen (zweiter Platz) beim Kleinkaliber-Schie\u00dfen und 332Ringen (zweiter Platz) in der Disziplin Luftpistole. Die weiteren Platzierungen; 2.Rainer Maiwald (883 Ringe), 3. Kurt Hartig (867), 4. Ulrich Zelder (857), 5. Udo Guth\u00f6rl (830), 6. Hagen Heinz (817). Auch beim Preisschie\u00dfen lieferten sich die Aktiven spannende Wettk\u00e4mpfe, vor allem beim Stechen um den besten Zehner. Insbesondere die Sch\u00fctzen der ersten Mannschaft zeigten einen enormen Siegeswillen. Da beim Preisschie\u00dfen nur ein einziger Schuss entscheidend ist, spielte neben dem K\u00f6nnen auch das Gl\u00fcck eine wesentliche Rolle. <img loading=\"lazy\" decoding=\"async\" width=\"2\" height=\"15\" src=\"\"><img loading=\"lazy\" decoding=\"async\" width=\"2\" height=\"15\" src=\"\">Als hohe Favoriten ins Rennen gegangen waren Peter Maiwald und Kurt Hartig. Aber sie erreichten mit einem 21- bzw. 52-Teiler \u201enur&#8220; die Pl\u00e4tze zwei (Maiwald) und f\u00fcnf (Hartig). Strahlender Sieger wurde Vereinsvorsitzender Hagen Heinz, ein erfahrener Sch\u00fctze der zweiten Garnitur mit einem 20- Teiler. Au\u00dferdem trugen sich in die Siegerliste ein: 3. Markus H\u00e4user (32-Teiler), 4. Rainer Maiwald (SO-Teiler), 6. Udo Guth\u00f6rl (78- Teiler),7.Dominik L\u00f6brich (83-Teiler) und 8. G\u00fcnther Kuhn (85-Teiler). Bei den Vereinsmeisterschaften lie\u00dfen die Spitzensch\u00fctzen nichts mehr anbrennen und keine \u00dcberraschungssieger zu. Luftgewehr\u00adTiteltr\u00e4ger wurde Peter Maiwald mit sehr guten 371 Ringen. In der Disziplin Luftpistole war Ulrich Zelder mit 360 Ringen nicht zu schlagen. Der Kleinkaliber-Champion hei\u00dft Kurt Hartig. Er kam mit 250 Ringen auf Platz eins.<\/p>\n\n\n<div class=\"wp-block-image\">\n<figure class=\"aligncenter size-full\"><img loading=\"lazy\" decoding=\"async\" width=\"512\" height=\"349\" src=\"https:\/\/875jahrekirchgoens.de\/wp-content\/uploads\/2025\/11\/grafik-125.png\" alt=\"\" class=\"wp-image-17048\" srcset=\"http:\/\/875jahrekirchgoens.de\/wp-content\/uploads\/2025\/11\/grafik-125.png 512w, http:\/\/875jahrekirchgoens.de\/wp-content\/uploads\/2025\/11\/grafik-125-300x204.png 300w\" sizes=\"auto, (max-width: 512px) 100vw, 512px\" \/><\/figure><\/div>\n\n\n<p>Kombinationssieger bei den Kirch-G\u00f6nser Sch\u00fctzen wurde Wolfgang Kr\u00e4mer (links). Mit Rolf Hillefeld (rechts) stammt erstmals in der Vereinsgeschichte der \u201eSch\u00fctze des Jahres&#8220; aus dem Lager der Pistolensch\u00fctzen. Die beiden erfolgreichen Sportler k\u00f6nnen auf eine f\u00fcnfj\u00e4hrige Aktivenzeit beim SV Kirch-G\u00f6ns zur\u00fcckblicken. <\/p>\n\n\n\n<p>Quelle und Bild: Butzbacher Zeitung vom 25. M\u00e4rz 1997<\/p>\n","protected":false},"excerpt":{"rendered":"<p>Zwar waren die erzielten Ergebnisse bei den Vereinsmeisterschaften der Kirch-G\u00f6nser Sch\u00fctzen eher durchschnittlicher Natur, trotzdem konnten sich Ute M\u00f6ckel, Udo Guth\u00f6rl und Kurt Hartig f\u00fcr die Gaumeisterschaften qualifizieren. Die dort erreichten Leistungen sollten allerdings nicht ausreichen, um bei den Landesmeisterschaften mitzuschie\u00dfen. Erfolgreicher lief es bei den Junioren, denn Christian Winter (Luftpistole) sicherte sich durch gute &#8230; <a title=\"Rolf Hillefeld wurde erstmals \u201eSch\u00fctze des Jahres\u201c\" class=\"read-more\" href=\"http:\/\/875jahrekirchgoens.de\/?p=17047\" aria-label=\"Mehr Informationen \u00fcber Rolf Hillefeld wurde erstmals \u201eSch\u00fctze des Jahres\u201c\">Weiterlesen<\/a><\/p>\n","protected":false},"author":1,"featured_media":0,"comment_status":"closed","ping_status":"open","sticky":false,"template":"","format":"standard","meta":{"footnotes":""},"categories":[1],"tags":[],"class_list":["post-17047","post","type-post","status-publish","format-standard","hentry","category-infos"],"_links":{"self":[{"href":"http:\/\/875jahrekirchgoens.de\/index.php?rest_route=\/wp\/v2\/posts\/17047","targetHints":{"allow":["GET"]}}],"collection":[{"href":"http:\/\/875jahrekirchgoens.de\/index.php?rest_route=\/wp\/v2\/posts"}],"about":[{"href":"http:\/\/875jahrekirchgoens.de\/index.php?rest_route=\/wp\/v2\/types\/post"}],"author":[{"embeddable":true,"href":"http:\/\/875jahrekirchgoens.de\/index.php?rest_route=\/wp\/v2\/users\/1"}],"replies":[{"embeddable":true,"href":"http:\/\/875jahrekirchgoens.de\/index.php?rest_route=%2Fwp%2Fv2%2Fcomments&post=17047"}],"version-history":[{"count":1,"href":"http:\/\/875jahrekirchgoens.de\/index.php?rest_route=\/wp\/v2\/posts\/17047\/revisions"}],"predecessor-version":[{"id":17049,"href":"http:\/\/875jahrekirchgoens.de\/index.php?rest_route=\/wp\/v2\/posts\/17047\/revisions\/17049"}],"wp:attachment":[{"href":"http:\/\/875jahrekirchgoens.de\/index.php?rest_route=%2Fwp%2Fv2%2Fmedia&parent=17047"}],"wp:term":[{"taxonomy":"category","embeddable":true,"href":"http:\/\/875jahrekirchgoens.de\/index.php?rest_route=%2Fwp%2Fv2%2Fcategories&post=17047"},{"taxonomy":"post_tag","embeddable":true,"href":"http:\/\/875jahrekirchgoens.de\/index.php?rest_route=%2Fwp%2Fv2%2Ftags&post=17047"}],"curies":[{"name":"wp","href":"https:\/\/api.w.org\/{rel}","templated":true}]}}