{"id":17068,"date":"1997-01-07T19:57:00","date_gmt":"1997-01-07T19:57:00","guid":{"rendered":"https:\/\/875jahrekirchgoens.de\/?p=17068"},"modified":"2025-11-12T19:58:26","modified_gmt":"2025-11-12T19:58:26","slug":"gunther-mueller-gewann-das-jahresabschlussschiessen","status":"publish","type":"post","link":"http:\/\/875jahrekirchgoens.de\/?p=17068","title":{"rendered":"Gunther M\u00fcller gewann das Jahresabschlu\u00dfschie\u00dfen"},"content":{"rendered":"\n<p>Das Jahresabschlu\u00dfschie\u00dfen ist beim Sch\u00fctzenverein Kirch-G\u00f6ns zu einer liebgewonnenen Tradition geworden. Die Veranstaltung wird seit mehr als 20 Jahren durchgef\u00fchrt und bildet so etwas wie das interne sportliche Finale zum Jahresausklang. Auch diesmal gab es spannende End\u00ad k\u00e4mpfe in Form eines Pokalschie\u00dfens der Sch\u00fctzen, die sich ihre Qualifikation in einer vorangegangenen zwei Monate langen Pokalrunde erworben hatten. Am Ende sch\u00e4lte sich als Sieger Gunther &#8218;M\u00fcller mit 29 Ringen heraus, dem der 1. Vorsitzende Hagen Heinz bei der Siegerehrung Urkunde und Wanderpokal \u00fcberreichen konnte. Auf den weiteren Pl\u00e4tzen landeten mit jeweils 28 Ringen Wolfgang Kr\u00e4mer (2.). Kurt Hartig (3.) und Hagen Heinz (4.). F\u00fcnfter wurde. Markus H\u00e4user mit 27 Ringen. Bei den Jugendlichen lag Andre Stoll mit 26 Ringen vorne. Zweiter wurde Dominik L\u00f6brich (24 Ringe) und Dritter Nikolai Schott (19 Ringe). In einem separaten Wettbewerb konnten sich die G\u00e4ste des Jahresabschlu\u00dfschie\u00dfens in der Kunst des Schie\u00dfens messen. Siegerin wurde Katarina R\u00fcspeler, die 25 Ringe erzielte und daf\u00fcr einen Pokal erhielt. Nach dem sportlichen Kr\u00e4ftemessen ging es zum gem\u00fctlichen Teil \u00fcber. Wie beim Sch\u00fctzenverein \u00fcblich lud die amtierende K\u00f6nigsfamilie alle Anwesenden zu einem rustikalen Abendessen und freien Getr\u00e4nken ein.<\/p>\n\n\n\n<figure class=\"wp-block-image size-full\"><img loading=\"lazy\" decoding=\"async\" width=\"1024\" height=\"492\" src=\"https:\/\/875jahrekirchgoens.de\/wp-content\/uploads\/2025\/11\/grafik-131.png\" alt=\"\" class=\"wp-image-17069\" srcset=\"http:\/\/875jahrekirchgoens.de\/wp-content\/uploads\/2025\/11\/grafik-131.png 1024w, http:\/\/875jahrekirchgoens.de\/wp-content\/uploads\/2025\/11\/grafik-131-300x144.png 300w, http:\/\/875jahrekirchgoens.de\/wp-content\/uploads\/2025\/11\/grafik-131-768x369.png 768w\" sizes=\"auto, (max-width: 1024px) 100vw, 1024px\" \/><\/figure>\n\n\n\n<p>Das Jahresabschlu\u00dfschie\u00dfen der Jugend des Sch\u00fctzenver eins Kirch-G\u00f6ns gewann Andre Stoll mit 26 Ringen. Zweiter wurde Dominik L\u00f6brich mit 24 Ringen und Dritter Nikolai Schott mit 19 Ringen (Bild oben, von links). Gunther M\u00fcller (r.), dem Sieger der Sch\u00fctzenklasse (29 Ringe), gratuliert auf dem unteren Bild Vereinsvorsitzender Hagen Heinz.<\/p>\n\n\n\n<p>Quelle und Bilder: Butzbacher Zeitung vom 7. Januar 1998<\/p>\n","protected":false},"excerpt":{"rendered":"<p>Das Jahresabschlu\u00dfschie\u00dfen ist beim Sch\u00fctzenverein Kirch-G\u00f6ns zu einer liebgewonnenen Tradition geworden. Die Veranstaltung wird seit mehr als 20 Jahren durchgef\u00fchrt und bildet so etwas wie das interne sportliche Finale zum Jahresausklang. Auch diesmal gab es spannende End\u00ad k\u00e4mpfe in Form eines Pokalschie\u00dfens der Sch\u00fctzen, die sich ihre Qualifikation in einer vorangegangenen zwei Monate langen Pokalrunde &#8230; <a title=\"Gunther M\u00fcller gewann das Jahresabschlu\u00dfschie\u00dfen\" class=\"read-more\" href=\"http:\/\/875jahrekirchgoens.de\/?p=17068\" aria-label=\"Mehr Informationen \u00fcber Gunther M\u00fcller gewann das Jahresabschlu\u00dfschie\u00dfen\">Weiterlesen<\/a><\/p>\n","protected":false},"author":1,"featured_media":0,"comment_status":"closed","ping_status":"open","sticky":false,"template":"","format":"standard","meta":{"footnotes":""},"categories":[1],"tags":[],"class_list":["post-17068","post","type-post","status-publish","format-standard","hentry","category-infos"],"_links":{"self":[{"href":"http:\/\/875jahrekirchgoens.de\/index.php?rest_route=\/wp\/v2\/posts\/17068","targetHints":{"allow":["GET"]}}],"collection":[{"href":"http:\/\/875jahrekirchgoens.de\/index.php?rest_route=\/wp\/v2\/posts"}],"about":[{"href":"http:\/\/875jahrekirchgoens.de\/index.php?rest_route=\/wp\/v2\/types\/post"}],"author":[{"embeddable":true,"href":"http:\/\/875jahrekirchgoens.de\/index.php?rest_route=\/wp\/v2\/users\/1"}],"replies":[{"embeddable":true,"href":"http:\/\/875jahrekirchgoens.de\/index.php?rest_route=%2Fwp%2Fv2%2Fcomments&post=17068"}],"version-history":[{"count":1,"href":"http:\/\/875jahrekirchgoens.de\/index.php?rest_route=\/wp\/v2\/posts\/17068\/revisions"}],"predecessor-version":[{"id":17070,"href":"http:\/\/875jahrekirchgoens.de\/index.php?rest_route=\/wp\/v2\/posts\/17068\/revisions\/17070"}],"wp:attachment":[{"href":"http:\/\/875jahrekirchgoens.de\/index.php?rest_route=%2Fwp%2Fv2%2Fmedia&parent=17068"}],"wp:term":[{"taxonomy":"category","embeddable":true,"href":"http:\/\/875jahrekirchgoens.de\/index.php?rest_route=%2Fwp%2Fv2%2Fcategories&post=17068"},{"taxonomy":"post_tag","embeddable":true,"href":"http:\/\/875jahrekirchgoens.de\/index.php?rest_route=%2Fwp%2Fv2%2Ftags&post=17068"}],"curies":[{"name":"wp","href":"https:\/\/api.w.org\/{rel}","templated":true}]}}