{"id":17116,"date":"1999-11-04T21:08:00","date_gmt":"1999-11-04T21:08:00","guid":{"rendered":"https:\/\/875jahrekirchgoens.de\/?p=17116"},"modified":"2025-11-12T21:09:14","modified_gmt":"2025-11-12T21:09:14","slug":"peter-maiwald-wurde-zweifacher-kreismeister","status":"publish","type":"post","link":"http:\/\/875jahrekirchgoens.de\/?p=17116","title":{"rendered":"Peter Maiwald wurde zweifacher Kreismeister"},"content":{"rendered":"\n<p>Bei den Kreismeisterschaften in der Disziplin Luftgewehr beherrschte das Team aus Kirch-G\u00f6ns die Konkurrenz in der Sch\u00fctzenklasse. Treffsicherster Sch\u00fctze war der Kirch-G\u00f6nser Peter Maiwald. Er siegte in der Einzelwertung mit 380 Ringen vor Markus Koch (376) aus Okarben und dem Ebersg\u00f6nser Thomas Kaschwich (374). In der Mannschaftswertung holte sich Peter Maiwald seinen zweiten Kreismeisteritel, f\u00fchrte seine Vereinskameraden Kurt Hartig (374) und Ralf Winter (360) mit insgesamt 1114 Ringen zum Sieg vor Okarben mit (1111) und Griedel (1101), das in der Besetzung Stefan Boller (371), Stefan Herling (366) und Martin Konrad (364) antrat. Das Tema der SG Butzbach kam mit Carlo Schmidt (368), Markus P\u00e4tzold (366) und Oliver Heyd (339) mit 1073 Ringen auf den 5. Platz vor Gambach I (1069) mit Michael Rheinfrank (364), Eberhard Beppler-Alt (351) und Lothar D\u00f6ring (354). Gambach II belegte in der Besetzung Wolfgang Grieb (342), Thomas Hetterich (335) und Harald Fink (318) mit 995 Ringen den 9. Rang. In der Einzelwertung der Sch\u00fctzenklasse bester Griedeler war Stefan Boller (371) auf dem 6. Platz, bester Butzbacher Carlo Schmidt (368) auf dem 10. Platz und bester Gambacher Michael Rheinfrank (364) auf dem 16. Platz. In der Damenklasse wurde die Butzbacherin Bettina Weil (371) Kreismeisterin vor Jasmin H\u00e4user (368), Hausen-Oes, und Marie-Jeanne Veit-Bauer (367), Assenheim. Die Mannschaftswertunggewann Assenheim (l071) vor Griedel (1051) mit Claudia Kehm (343), Nicole Masseit (358) und Simone Masseit (350), Pohl-G\u00f6ns (1029) mit Christiane Scheurich (366), Michaela St\u00f6hr (329) und Anke Kannie\u00df (334), sowie Gambach (959) mit Isolde D\u00f6ring (313), Gerhild Sch\u00e4fer. (327) und Britta Beppler-Alt (319). <img loading=\"lazy\" decoding=\"async\" width=\"4\" height=\"14\" src=\"\">In der Damen-Altersklasse stellte nur Pohl\u00adG\u00f6ns (1017) eine Mannschaft in der Besetzung Brigitte Grobauer (352), Ingrid Anker (349) und Marion Dem (316), die in dieser Reihenfolge auch die Einzelwertung gewannen. In der Herren-Altersklasse holte der Griedeler Gerold Kehm (366) hinter dem Ockst\u00e4dter Rainer Bastine (369) einen guten 2. Platz. Der Butzbacher Reiner Scheid (325) belegte den 8. Rang vor dem Kirch-G\u00f6nser Udo Guth\u00f6rl (325). In der Seniorenklasse, weiblich, wurde die Butzbacherin Annemarie Osthold Zweite (303) hinter der Petterweilerin Renate Eysell (307). Bei den Senioren B startete nur der Butzbacher Heinz Hoffmann (312). In der Sch\u00fclerklasse erzielte der Rockenberger Nils Gonder (68) den 4. Rang. Seine Vereinskameraden Christopher Philipp (20l), Tim Flach (174) und-Dennis Bode (135) kamen mit 510 Ringen in der Jugendklasse auf den 3. Platz in der Mannschaftswertung. In der Einzelwertung dieser Klasse belegte der Griedeler Martin Pohle (321) hinter dem Karbener Torsten Hintz (345) einen guten 2. Rang. Auf den 9. und 14. Platz kamen die Kirch-G\u00f6nser Stefan H\u00e4user (266) und Andre H\u00e4user (242). Der Butzbacher Andreas Ruppel (248) wurde Zw\u00f6lfter. Kreismeister in der Juniorenklasse A wurde der Pohl-G\u00f6nser Marko Festner (332) vor dem Steinfurther Christian W\u00f6lflick (327) und dem Kirch-G\u00f6nser Dominik Wagner (324). Bei den Junioren B erreichte der Kirch-G\u00f6nser Christian H\u00e4user (346) hinter dem Petterweiler Bonn Ortloff (346) den 2. Platz. In der Juniorenklasse A, weiblich, ging nur die Pohl-G\u00f6nserin Silvia Skorupa (359) an den Start.<\/p>\n\n\n<div class=\"wp-block-image\">\n<figure class=\"aligncenter size-full\"><img loading=\"lazy\" decoding=\"async\" width=\"512\" height=\"354\" src=\"https:\/\/875jahrekirchgoens.de\/wp-content\/uploads\/2025\/11\/grafik-143.png\" alt=\"\" class=\"wp-image-17117\" srcset=\"http:\/\/875jahrekirchgoens.de\/wp-content\/uploads\/2025\/11\/grafik-143.png 512w, http:\/\/875jahrekirchgoens.de\/wp-content\/uploads\/2025\/11\/grafik-143-300x207.png 300w\" sizes=\"auto, (max-width: 512px) 100vw, 512px\" \/><\/figure><\/div>\n\n\n<p>Kreismeister im Luftgewehrschie\u00dfen wurden die Kirch-G\u00f6nser (v. l.): Ralf Winter, Kurt Hartig und Peter Maiwald. <\/p>\n\n\n\n<p>Quelle und Bild: Butzbacher Zeitung vom 4. November 1999<\/p>\n","protected":false},"excerpt":{"rendered":"<p>Bei den Kreismeisterschaften in der Disziplin Luftgewehr beherrschte das Team aus Kirch-G\u00f6ns die Konkurrenz in der Sch\u00fctzenklasse. Treffsicherster Sch\u00fctze war der Kirch-G\u00f6nser Peter Maiwald. Er siegte in der Einzelwertung mit 380 Ringen vor Markus Koch (376) aus Okarben und dem Ebersg\u00f6nser Thomas Kaschwich (374). In der Mannschaftswertung holte sich Peter Maiwald seinen zweiten Kreismeisteritel, f\u00fchrte &#8230; <a title=\"Peter Maiwald wurde zweifacher Kreismeister\" class=\"read-more\" href=\"http:\/\/875jahrekirchgoens.de\/?p=17116\" aria-label=\"Mehr Informationen \u00fcber Peter Maiwald wurde zweifacher Kreismeister\">Weiterlesen<\/a><\/p>\n","protected":false},"author":1,"featured_media":0,"comment_status":"closed","ping_status":"open","sticky":false,"template":"","format":"standard","meta":{"footnotes":""},"categories":[1],"tags":[],"class_list":["post-17116","post","type-post","status-publish","format-standard","hentry","category-infos"],"_links":{"self":[{"href":"http:\/\/875jahrekirchgoens.de\/index.php?rest_route=\/wp\/v2\/posts\/17116","targetHints":{"allow":["GET"]}}],"collection":[{"href":"http:\/\/875jahrekirchgoens.de\/index.php?rest_route=\/wp\/v2\/posts"}],"about":[{"href":"http:\/\/875jahrekirchgoens.de\/index.php?rest_route=\/wp\/v2\/types\/post"}],"author":[{"embeddable":true,"href":"http:\/\/875jahrekirchgoens.de\/index.php?rest_route=\/wp\/v2\/users\/1"}],"replies":[{"embeddable":true,"href":"http:\/\/875jahrekirchgoens.de\/index.php?rest_route=%2Fwp%2Fv2%2Fcomments&post=17116"}],"version-history":[{"count":1,"href":"http:\/\/875jahrekirchgoens.de\/index.php?rest_route=\/wp\/v2\/posts\/17116\/revisions"}],"predecessor-version":[{"id":17118,"href":"http:\/\/875jahrekirchgoens.de\/index.php?rest_route=\/wp\/v2\/posts\/17116\/revisions\/17118"}],"wp:attachment":[{"href":"http:\/\/875jahrekirchgoens.de\/index.php?rest_route=%2Fwp%2Fv2%2Fmedia&parent=17116"}],"wp:term":[{"taxonomy":"category","embeddable":true,"href":"http:\/\/875jahrekirchgoens.de\/index.php?rest_route=%2Fwp%2Fv2%2Fcategories&post=17116"},{"taxonomy":"post_tag","embeddable":true,"href":"http:\/\/875jahrekirchgoens.de\/index.php?rest_route=%2Fwp%2Fv2%2Ftags&post=17116"}],"curies":[{"name":"wp","href":"https:\/\/api.w.org\/{rel}","templated":true}]}}