{"id":17127,"date":"1999-12-30T21:27:00","date_gmt":"1999-12-30T21:27:00","guid":{"rendered":"https:\/\/875jahrekirchgoens.de\/?p=17127"},"modified":"2025-11-12T21:29:32","modified_gmt":"2025-11-12T21:29:32","slug":"am-besten-zielten-andre-stoll-und-kurt-hartig","status":"publish","type":"post","link":"http:\/\/875jahrekirchgoens.de\/?p=17127","title":{"rendered":"Am besten zielten Andre Stoll und Kurt Hartig"},"content":{"rendered":"\n<p>In einer gem\u00fctlichen Runde trafen sich die aktiven Sch\u00fctzen samt Jugend zum letzten Mal in diesem Jahrtausend, um die Sieger im Jahrespokalschie\u00dfen zu ermitteln. Das Monatsschie\u00dfen, das alle zwei Monate f\u00fcr die aktiven Sch\u00fctzen und die Jugend veranstaltet wird, fand auch diesmal gute Resonanz. F\u00fcr die Weitung dieses Pokalschie\u00dfens qualifizierten sich jeweils die f\u00fcnf besten Sch\u00fctzen, die beim Monatsschie\u00dfen die beste Ringzahl erreicht hatten. Bei der Jugend konnte Andre Stoll mit 29 Ringen den Siegerpokal aus den H\u00e4nden des l. Vorsitzenden Hagen Heinz in Empfang nehmen. Zweiter wurde Christian H\u00e4user mit 28 Ringen, 3. Dominik L\u00f6brich mit 27 Ringen, 4. Dominik Wagner mit 26 Ringen und 5. Stefan H\u00e4user mit 23 Ringen. Das Jahrespokalschie\u00dfen der Aktivenge\u00ad wann Kurt Hartig mit 29 Ringen, der daf\u00fcr den Siegerpokal in Empfang nehmen konnte. Die weiteren Platzierungen; 2. Hagen Heinz, 3. Gunther M\u00fcller, 4. Rolf Hillefeld, 5<em>. <\/em>Udo Guth\u00f6rl, 6. Karsten M\u00fcller, 7. Christian M\u00fcll. Achter wurde die einzige weibliche Teilnehmerin Ute M\u00f6ckel mit 22 Ringen. Die Kurt Hartig-Wanderpokale gingen in diesem Jahr bei den Sch\u00fctzen an Karsten M\u00fcller und in der Jugend an Andre Stoll.<\/p>\n\n\n\n<figure class=\"wp-block-image size-full\"><img loading=\"lazy\" decoding=\"async\" width=\"1024\" height=\"232\" src=\"https:\/\/875jahrekirchgoens.de\/wp-content\/uploads\/2025\/11\/grafik-145.png\" alt=\"\" class=\"wp-image-17128\" srcset=\"http:\/\/875jahrekirchgoens.de\/wp-content\/uploads\/2025\/11\/grafik-145.png 1024w, http:\/\/875jahrekirchgoens.de\/wp-content\/uploads\/2025\/11\/grafik-145-300x68.png 300w, http:\/\/875jahrekirchgoens.de\/wp-content\/uploads\/2025\/11\/grafik-145-768x174.png 768w\" sizes=\"auto, (max-width: 1024px) 100vw, 1024px\" \/><\/figure>\n\n\n\n<p>Die Sch\u00fctzenfamilie 1999                                                                                                                                  Die erfolgreichen Teilnehmer der Jugendlichen.<\/p>\n\n\n<div class=\"wp-block-image\">\n<figure class=\"aligncenter size-full\"><img loading=\"lazy\" decoding=\"async\" width=\"512\" height=\"313\" src=\"https:\/\/875jahrekirchgoens.de\/wp-content\/uploads\/2025\/11\/grafik-146.png\" alt=\"\" class=\"wp-image-17129\" srcset=\"http:\/\/875jahrekirchgoens.de\/wp-content\/uploads\/2025\/11\/grafik-146.png 512w, http:\/\/875jahrekirchgoens.de\/wp-content\/uploads\/2025\/11\/grafik-146-300x183.png 300w\" sizes=\"auto, (max-width: 512px) 100vw, 512px\" \/><\/figure><\/div>\n\n\n<p class=\"has-text-align-center\">Beim Jahresschie\u00dfen des Sch\u00fctzenvereins Kirch-G\u00f6ns gewannen <br>Karsten M\u00fcller und Andre Stoll den Kurt-Hartig-Wanderpokal.<\/p>\n\n\n\n<p>Quelle und Bilder: Butzbacher Zeitung vom 30. Dezember 1999<\/p>\n","protected":false},"excerpt":{"rendered":"<p>In einer gem\u00fctlichen Runde trafen sich die aktiven Sch\u00fctzen samt Jugend zum letzten Mal in diesem Jahrtausend, um die Sieger im Jahrespokalschie\u00dfen zu ermitteln. Das Monatsschie\u00dfen, das alle zwei Monate f\u00fcr die aktiven Sch\u00fctzen und die Jugend veranstaltet wird, fand auch diesmal gute Resonanz. F\u00fcr die Weitung dieses Pokalschie\u00dfens qualifizierten sich jeweils die f\u00fcnf besten &#8230; <a title=\"Am besten zielten Andre Stoll und Kurt Hartig\" class=\"read-more\" href=\"http:\/\/875jahrekirchgoens.de\/?p=17127\" aria-label=\"Mehr Informationen \u00fcber Am besten zielten Andre Stoll und Kurt Hartig\">Weiterlesen<\/a><\/p>\n","protected":false},"author":1,"featured_media":0,"comment_status":"closed","ping_status":"open","sticky":false,"template":"","format":"standard","meta":{"footnotes":""},"categories":[1],"tags":[],"class_list":["post-17127","post","type-post","status-publish","format-standard","hentry","category-infos"],"_links":{"self":[{"href":"http:\/\/875jahrekirchgoens.de\/index.php?rest_route=\/wp\/v2\/posts\/17127","targetHints":{"allow":["GET"]}}],"collection":[{"href":"http:\/\/875jahrekirchgoens.de\/index.php?rest_route=\/wp\/v2\/posts"}],"about":[{"href":"http:\/\/875jahrekirchgoens.de\/index.php?rest_route=\/wp\/v2\/types\/post"}],"author":[{"embeddable":true,"href":"http:\/\/875jahrekirchgoens.de\/index.php?rest_route=\/wp\/v2\/users\/1"}],"replies":[{"embeddable":true,"href":"http:\/\/875jahrekirchgoens.de\/index.php?rest_route=%2Fwp%2Fv2%2Fcomments&post=17127"}],"version-history":[{"count":1,"href":"http:\/\/875jahrekirchgoens.de\/index.php?rest_route=\/wp\/v2\/posts\/17127\/revisions"}],"predecessor-version":[{"id":17130,"href":"http:\/\/875jahrekirchgoens.de\/index.php?rest_route=\/wp\/v2\/posts\/17127\/revisions\/17130"}],"wp:attachment":[{"href":"http:\/\/875jahrekirchgoens.de\/index.php?rest_route=%2Fwp%2Fv2%2Fmedia&parent=17127"}],"wp:term":[{"taxonomy":"category","embeddable":true,"href":"http:\/\/875jahrekirchgoens.de\/index.php?rest_route=%2Fwp%2Fv2%2Fcategories&post=17127"},{"taxonomy":"post_tag","embeddable":true,"href":"http:\/\/875jahrekirchgoens.de\/index.php?rest_route=%2Fwp%2Fv2%2Ftags&post=17127"}],"curies":[{"name":"wp","href":"https:\/\/api.w.org\/{rel}","templated":true}]}}