{"id":17172,"date":"2000-12-29T10:47:00","date_gmt":"2000-12-29T10:47:00","guid":{"rendered":"https:\/\/875jahrekirchgoens.de\/?p=17172"},"modified":"2025-11-13T11:09:04","modified_gmt":"2025-11-13T11:09:04","slug":"die-oberligamannschaft","status":"publish","type":"post","link":"http:\/\/875jahrekirchgoens.de\/?p=17172","title":{"rendered":"Die Oberligamannschaft \u2026"},"content":{"rendered":"\n<p>\u2026 der Butzbacher Sch\u00fctzen mit Detlef M\u00f6rler (l.) an der Spitze wurde w\u00e4hrend der gesamten Saison von Hagen Heinz (2. v. l.) und dessen Sch\u00fctzenhallenteam in der Kirch-G\u00f6nser Sch\u00fctzenhalle bestens betreut. Platzgr\u00fcnde zwangen die Butzbacher Sch\u00fctzen zum Ausweichen auf die Anlage des Nachbarvereins.<\/p>\n\n\n<div class=\"wp-block-image\">\n<figure class=\"aligncenter size-full\"><img loading=\"lazy\" decoding=\"async\" width=\"512\" height=\"362\" src=\"https:\/\/875jahrekirchgoens.de\/wp-content\/uploads\/2000\/12\/grafik-1.png\" alt=\"\" class=\"wp-image-17178\" srcset=\"http:\/\/875jahrekirchgoens.de\/wp-content\/uploads\/2000\/12\/grafik-1.png 512w, http:\/\/875jahrekirchgoens.de\/wp-content\/uploads\/2000\/12\/grafik-1-300x212.png 300w\" sizes=\"auto, (max-width: 512px) 100vw, 512px\" \/><\/figure><\/div>\n\n\n<p>Quelle und Bild: Butzbacher Zeitung vom 29. Dezember 2000<\/p>\n","protected":false},"excerpt":{"rendered":"<p>\u2026 der Butzbacher Sch\u00fctzen mit Detlef M\u00f6rler (l.) an der Spitze wurde w\u00e4hrend der gesamten Saison von Hagen Heinz (2. v. l.) und dessen Sch\u00fctzenhallenteam in der Kirch-G\u00f6nser Sch\u00fctzenhalle bestens betreut. Platzgr\u00fcnde zwangen die Butzbacher Sch\u00fctzen zum Ausweichen auf die Anlage des Nachbarvereins. Quelle und Bild: Butzbacher Zeitung vom 29. Dezember 2000<\/p>\n","protected":false},"author":1,"featured_media":0,"comment_status":"closed","ping_status":"open","sticky":false,"template":"","format":"standard","meta":{"footnotes":""},"categories":[1],"tags":[],"class_list":["post-17172","post","type-post","status-publish","format-standard","hentry","category-infos"],"_links":{"self":[{"href":"http:\/\/875jahrekirchgoens.de\/index.php?rest_route=\/wp\/v2\/posts\/17172","targetHints":{"allow":["GET"]}}],"collection":[{"href":"http:\/\/875jahrekirchgoens.de\/index.php?rest_route=\/wp\/v2\/posts"}],"about":[{"href":"http:\/\/875jahrekirchgoens.de\/index.php?rest_route=\/wp\/v2\/types\/post"}],"author":[{"embeddable":true,"href":"http:\/\/875jahrekirchgoens.de\/index.php?rest_route=\/wp\/v2\/users\/1"}],"replies":[{"embeddable":true,"href":"http:\/\/875jahrekirchgoens.de\/index.php?rest_route=%2Fwp%2Fv2%2Fcomments&post=17172"}],"version-history":[{"count":3,"href":"http:\/\/875jahrekirchgoens.de\/index.php?rest_route=\/wp\/v2\/posts\/17172\/revisions"}],"predecessor-version":[{"id":17179,"href":"http:\/\/875jahrekirchgoens.de\/index.php?rest_route=\/wp\/v2\/posts\/17172\/revisions\/17179"}],"wp:attachment":[{"href":"http:\/\/875jahrekirchgoens.de\/index.php?rest_route=%2Fwp%2Fv2%2Fmedia&parent=17172"}],"wp:term":[{"taxonomy":"category","embeddable":true,"href":"http:\/\/875jahrekirchgoens.de\/index.php?rest_route=%2Fwp%2Fv2%2Fcategories&post=17172"},{"taxonomy":"post_tag","embeddable":true,"href":"http:\/\/875jahrekirchgoens.de\/index.php?rest_route=%2Fwp%2Fv2%2Ftags&post=17172"}],"curies":[{"name":"wp","href":"https:\/\/api.w.org\/{rel}","templated":true}]}}