{"id":17184,"date":"2014-12-06T21:31:00","date_gmt":"2014-12-06T21:31:00","guid":{"rendered":"https:\/\/875jahrekirchgoens.de\/?p=17184"},"modified":"2025-11-13T21:32:40","modified_gmt":"2025-11-13T21:32:40","slug":"auf-dem-frankfurter-weihnachtsmarkt","status":"publish","type":"post","link":"http:\/\/875jahrekirchgoens.de\/?p=17184","title":{"rendered":"Auf dem Frankfurter Weihnachtsmarkt \u2026"},"content":{"rendered":"\n<p>\u2026 sangen der gemischte Chor und Gospelchor Kirch-G\u00f6ns zusammen mit dem Chor Ami\u00b4Croche aus der Butzbacher Partnerstadt Saint-Cy-l\u00b4Ecole internationale Weihnachtslieder. Die beiden temperamentvollen Chor-Leiterinnen, Theresa Heinz und Delphine Cadet animierten dabei das Publikum zu freudigen H\u00f6chstleistungen. Buchst\u00e4blich grenz\u00fcberschreitend mischte sich eine japanische Touristin unter die S\u00e4nger und lie\u00df sich von ihrer Freundin fotografieren. Vorbereitet und von der Stadtverwaltung genehmigen lassen hatte den Auftritt der St\u00e4dtepartnerschaftsverein Butzbach, um den S\u00e4ngern aus Frankreich nicht nur den ber\u00fchmten Markt zu zeigen, sondern auch ein besonderes Chor-Erlebnis zu verschaffen. Sie besuchten Butzbach am Samstag letzter Woche zur Gestaltung des Adventskonzertes im Butzbacher B\u00fcrgerhaus.<\/p>\n\n\n<div class=\"wp-block-image\">\n<figure class=\"aligncenter size-full\"><img loading=\"lazy\" decoding=\"async\" width=\"512\" height=\"315\" src=\"https:\/\/875jahrekirchgoens.de\/wp-content\/uploads\/2025\/11\/grafik-155.png\" alt=\"\" class=\"wp-image-17185\" srcset=\"http:\/\/875jahrekirchgoens.de\/wp-content\/uploads\/2025\/11\/grafik-155.png 512w, http:\/\/875jahrekirchgoens.de\/wp-content\/uploads\/2025\/11\/grafik-155-300x185.png 300w\" sizes=\"auto, (max-width: 512px) 100vw, 512px\" \/><\/figure><\/div>\n\n\n<p>Die Idee dazu hatte die 1. Vorsitzende des Gesangvereins 1862 Kirch-G\u00f6ns, Claudia Laiacker, dies das Konzert-programm in direkter Abstimmung mit dem Chor aus St. Cyr zusammenstellte und sich zudem erfolgreich um die privaten Unterk\u00fcnfte bem\u00fchte.<\/p>\n\n\n\n<p>Quelle und Bild: Butzbacher Zeitung vom 6. Dezember 2014<\/p>\n","protected":false},"excerpt":{"rendered":"<p>\u2026 sangen der gemischte Chor und Gospelchor Kirch-G\u00f6ns zusammen mit dem Chor Ami\u00b4Croche aus der Butzbacher Partnerstadt Saint-Cy-l\u00b4Ecole internationale Weihnachtslieder. Die beiden temperamentvollen Chor-Leiterinnen, Theresa Heinz und Delphine Cadet animierten dabei das Publikum zu freudigen H\u00f6chstleistungen. Buchst\u00e4blich grenz\u00fcberschreitend mischte sich eine japanische Touristin unter die S\u00e4nger und lie\u00df sich von ihrer Freundin fotografieren. Vorbereitet und &#8230; <a title=\"Auf dem Frankfurter Weihnachtsmarkt \u2026\" class=\"read-more\" href=\"http:\/\/875jahrekirchgoens.de\/?p=17184\" aria-label=\"Mehr Informationen \u00fcber Auf dem Frankfurter Weihnachtsmarkt \u2026\">Weiterlesen<\/a><\/p>\n","protected":false},"author":1,"featured_media":0,"comment_status":"closed","ping_status":"open","sticky":false,"template":"","format":"standard","meta":{"footnotes":""},"categories":[1],"tags":[],"class_list":["post-17184","post","type-post","status-publish","format-standard","hentry","category-infos"],"_links":{"self":[{"href":"http:\/\/875jahrekirchgoens.de\/index.php?rest_route=\/wp\/v2\/posts\/17184","targetHints":{"allow":["GET"]}}],"collection":[{"href":"http:\/\/875jahrekirchgoens.de\/index.php?rest_route=\/wp\/v2\/posts"}],"about":[{"href":"http:\/\/875jahrekirchgoens.de\/index.php?rest_route=\/wp\/v2\/types\/post"}],"author":[{"embeddable":true,"href":"http:\/\/875jahrekirchgoens.de\/index.php?rest_route=\/wp\/v2\/users\/1"}],"replies":[{"embeddable":true,"href":"http:\/\/875jahrekirchgoens.de\/index.php?rest_route=%2Fwp%2Fv2%2Fcomments&post=17184"}],"version-history":[{"count":1,"href":"http:\/\/875jahrekirchgoens.de\/index.php?rest_route=\/wp\/v2\/posts\/17184\/revisions"}],"predecessor-version":[{"id":17186,"href":"http:\/\/875jahrekirchgoens.de\/index.php?rest_route=\/wp\/v2\/posts\/17184\/revisions\/17186"}],"wp:attachment":[{"href":"http:\/\/875jahrekirchgoens.de\/index.php?rest_route=%2Fwp%2Fv2%2Fmedia&parent=17184"}],"wp:term":[{"taxonomy":"category","embeddable":true,"href":"http:\/\/875jahrekirchgoens.de\/index.php?rest_route=%2Fwp%2Fv2%2Fcategories&post=17184"},{"taxonomy":"post_tag","embeddable":true,"href":"http:\/\/875jahrekirchgoens.de\/index.php?rest_route=%2Fwp%2Fv2%2Ftags&post=17184"}],"curies":[{"name":"wp","href":"https:\/\/api.w.org\/{rel}","templated":true}]}}