{"id":17197,"date":"2014-10-06T21:59:00","date_gmt":"2014-10-06T21:59:00","guid":{"rendered":"https:\/\/875jahrekirchgoens.de\/?p=17197"},"modified":"2025-11-13T22:01:16","modified_gmt":"2025-11-13T22:01:16","slug":"weihnachtskonzert-der-staedtepartner","status":"publish","type":"post","link":"http:\/\/875jahrekirchgoens.de\/?p=17197","title":{"rendered":"Weihnachtskonzert der St\u00e4dtepartner"},"content":{"rendered":"\n<figure class=\"wp-block-image size-full\"><img loading=\"lazy\" decoding=\"async\" width=\"1024\" height=\"364\" src=\"https:\/\/875jahrekirchgoens.de\/wp-content\/uploads\/2025\/11\/grafik-158.png\" alt=\"\" class=\"wp-image-17198\" srcset=\"http:\/\/875jahrekirchgoens.de\/wp-content\/uploads\/2025\/11\/grafik-158.png 1024w, http:\/\/875jahrekirchgoens.de\/wp-content\/uploads\/2025\/11\/grafik-158-300x107.png 300w, http:\/\/875jahrekirchgoens.de\/wp-content\/uploads\/2025\/11\/grafik-158-768x273.png 768w\" sizes=\"auto, (max-width: 1024px) 100vw, 1024px\" \/><\/figure>\n\n\n\n<p>Singen macht Freude, gemeinsam erst recht \u2013 unter diesem Motto laufen zurzeit in Kirch-G\u00f6ns und in Butzbachs Partnerstadt Saint-Cyr-l\u00b4Ecole die Vorbereitungen auf ein Weihnachtskonzert der besonderen Art. Organisiert vom Gesangverein Kirch-G\u00f6ns und dem St\u00e4dtepartnerschaftsverein findet am Samstag, 29. November um 19.00 Uhr im Butzbacher B\u00fcrgerhaus eine abwechslungsreiche Veranstaltung zu Beginn der besinnlichen Vorweihnachtszeit statt. Neben den drei Ch\u00f6ren \u2013 dem Stadtchor Saint Cyr, dem Gospelchor \u201eLet it shine\u201c und dem Gemischten Chor Kirch-G\u00f6ns \u2013 wird auch das Instrumental-Ensemble der Weidigschule Butzbach das Publikum mit weihnachtlichen Liedern erfreuen. Der Eintritt ist frei. Das Foto zeigt den Gospelchor \u201eLet ist shine\u201c mit der Leiterin der beiden Kirch-G\u00f6nser Ch\u00f6re, Theresa Heinz.<\/p>\n\n\n\n<p>Quelle und Bild: Butzbacher Zeitung vom 6. Oktober 2014<\/p>\n","protected":false},"excerpt":{"rendered":"<p>Singen macht Freude, gemeinsam erst recht \u2013 unter diesem Motto laufen zurzeit in Kirch-G\u00f6ns und in Butzbachs Partnerstadt Saint-Cyr-l\u00b4Ecole die Vorbereitungen auf ein Weihnachtskonzert der besonderen Art. Organisiert vom Gesangverein Kirch-G\u00f6ns und dem St\u00e4dtepartnerschaftsverein findet am Samstag, 29. November um 19.00 Uhr im Butzbacher B\u00fcrgerhaus eine abwechslungsreiche Veranstaltung zu Beginn der besinnlichen Vorweihnachtszeit statt. Neben &#8230; <a title=\"Weihnachtskonzert der St\u00e4dtepartner\" class=\"read-more\" href=\"http:\/\/875jahrekirchgoens.de\/?p=17197\" aria-label=\"Mehr Informationen \u00fcber Weihnachtskonzert der St\u00e4dtepartner\">Weiterlesen<\/a><\/p>\n","protected":false},"author":1,"featured_media":0,"comment_status":"closed","ping_status":"open","sticky":false,"template":"","format":"standard","meta":{"footnotes":""},"categories":[1],"tags":[],"class_list":["post-17197","post","type-post","status-publish","format-standard","hentry","category-infos"],"_links":{"self":[{"href":"http:\/\/875jahrekirchgoens.de\/index.php?rest_route=\/wp\/v2\/posts\/17197","targetHints":{"allow":["GET"]}}],"collection":[{"href":"http:\/\/875jahrekirchgoens.de\/index.php?rest_route=\/wp\/v2\/posts"}],"about":[{"href":"http:\/\/875jahrekirchgoens.de\/index.php?rest_route=\/wp\/v2\/types\/post"}],"author":[{"embeddable":true,"href":"http:\/\/875jahrekirchgoens.de\/index.php?rest_route=\/wp\/v2\/users\/1"}],"replies":[{"embeddable":true,"href":"http:\/\/875jahrekirchgoens.de\/index.php?rest_route=%2Fwp%2Fv2%2Fcomments&post=17197"}],"version-history":[{"count":1,"href":"http:\/\/875jahrekirchgoens.de\/index.php?rest_route=\/wp\/v2\/posts\/17197\/revisions"}],"predecessor-version":[{"id":17199,"href":"http:\/\/875jahrekirchgoens.de\/index.php?rest_route=\/wp\/v2\/posts\/17197\/revisions\/17199"}],"wp:attachment":[{"href":"http:\/\/875jahrekirchgoens.de\/index.php?rest_route=%2Fwp%2Fv2%2Fmedia&parent=17197"}],"wp:term":[{"taxonomy":"category","embeddable":true,"href":"http:\/\/875jahrekirchgoens.de\/index.php?rest_route=%2Fwp%2Fv2%2Fcategories&post=17197"},{"taxonomy":"post_tag","embeddable":true,"href":"http:\/\/875jahrekirchgoens.de\/index.php?rest_route=%2Fwp%2Fv2%2Ftags&post=17197"}],"curies":[{"name":"wp","href":"https:\/\/api.w.org\/{rel}","templated":true}]}}