{"id":17206,"date":"2014-07-19T10:27:00","date_gmt":"2014-07-19T10:27:00","guid":{"rendered":"https:\/\/875jahrekirchgoens.de\/?p=17206"},"modified":"2025-11-14T10:29:13","modified_gmt":"2025-11-14T10:29:13","slug":"mitreissendes-open-air-konzert-des-gospelchores-let-it-shine","status":"publish","type":"post","link":"http:\/\/875jahrekirchgoens.de\/?p=17206","title":{"rendered":"Mitrei\u00dfendes Open-Air-Konzert des Gospelchores \u201eLet it shine\u201c"},"content":{"rendered":"\n<p>J\u00fcngst fand auf der gro\u00dfen Wiese hinter dem Gemeindehaus der evangelischen Kirchengemeinde Kirch-G\u00f6ns unter strahlend blauem Hinmel ein beeindruckendes Open-Air-Konzert des Kirch-G\u00f6ns Gospelchores \u201eLet it shine\u201c statt. Die Vorsitzende des Gesangvereins von 1862 Kirch-G\u00f6ns, Claudia Binzer, konnte zahlreiche G\u00e4ste, die sich mit Decken auf der Wiese niedergelassen oder auf B\u00e4nken und St\u00fchlen Platz gefunden hatten, begr\u00fc\u00dfen. Von Jung bis Alt und auch aus anderen Stadtteilen waren sie gekommen, unter anderem eine beachtliche Gruppe aus Ostheim. Die Dirigentin Theresa Heinz mit ihrer Dynamik, ihrem Humor und mitrei\u00dfendem Temperament brachte die Gospels\u00e4nger zu H\u00f6chstleistungen. Von \u201eDona Dona\u201c \u00fcber \u201eHit the road, Jack\u201c, mit \u201eOh when the Saints\u201d und \u201cHalleluja\u201d wurde ein stimmungsvoller Gesangsabend erlebt. Alles klatschte und sang mit, als \u201eWe will rock you\u201c vorgetragen wurde. Und schlie\u00dflich fehlt auch nicht das Lied \u201eThis little light\u201c, aus dessen Text auch der Name des Gospelchores entstanden ist. Pfarrer William Thum erfreute die Zuh\u00f6rer mit einigen besinnlichen Geschichten, die Mitglieder des Gesangvereins sorgten f\u00fcr das leibliche Wohl. Mit langem Applaus und Rufen nach einer Zugabe, die mit \u201eHow I got over\u201c erfolgte, wurden die Dirigentin und die S\u00e4ngerinnen und S\u00e4nger belohnt. Viele Zuh\u00f6rer \u00e4u\u00dferten den Wunsch, dass auch im n\u00e4chsten Jahr wieder ein solches Konzert stattfinden m\u00f6ge.<\/p>\n\n\n<div class=\"wp-block-image\">\n<figure class=\"aligncenter size-full\"><img loading=\"lazy\" decoding=\"async\" width=\"513\" height=\"340\" src=\"https:\/\/875jahrekirchgoens.de\/wp-content\/uploads\/2025\/11\/grafik-160.png\" alt=\"\" class=\"wp-image-17207\" srcset=\"http:\/\/875jahrekirchgoens.de\/wp-content\/uploads\/2025\/11\/grafik-160.png 513w, http:\/\/875jahrekirchgoens.de\/wp-content\/uploads\/2025\/11\/grafik-160-300x199.png 300w\" sizes=\"auto, (max-width: 513px) 100vw, 513px\" \/><\/figure><\/div>\n\n\n<p class=\"has-text-align-center\">Gro\u00dfen Zuspruch fand das Open-Air-Konzert des Gospelchores <\/p>\n\n\n\n<p>Quelle und Bild: Butzbacher Zeitung vom 19. Juli 2014<\/p>\n","protected":false},"excerpt":{"rendered":"<p>J\u00fcngst fand auf der gro\u00dfen Wiese hinter dem Gemeindehaus der evangelischen Kirchengemeinde Kirch-G\u00f6ns unter strahlend blauem Hinmel ein beeindruckendes Open-Air-Konzert des Kirch-G\u00f6ns Gospelchores \u201eLet it shine\u201c statt. Die Vorsitzende des Gesangvereins von 1862 Kirch-G\u00f6ns, Claudia Binzer, konnte zahlreiche G\u00e4ste, die sich mit Decken auf der Wiese niedergelassen oder auf B\u00e4nken und St\u00fchlen Platz gefunden hatten, &#8230; <a title=\"Mitrei\u00dfendes Open-Air-Konzert des Gospelchores \u201eLet it shine\u201c\" class=\"read-more\" href=\"http:\/\/875jahrekirchgoens.de\/?p=17206\" aria-label=\"Mehr Informationen \u00fcber Mitrei\u00dfendes Open-Air-Konzert des Gospelchores \u201eLet it shine\u201c\">Weiterlesen<\/a><\/p>\n","protected":false},"author":1,"featured_media":0,"comment_status":"closed","ping_status":"open","sticky":false,"template":"","format":"standard","meta":{"footnotes":""},"categories":[1],"tags":[],"class_list":["post-17206","post","type-post","status-publish","format-standard","hentry","category-infos"],"_links":{"self":[{"href":"http:\/\/875jahrekirchgoens.de\/index.php?rest_route=\/wp\/v2\/posts\/17206","targetHints":{"allow":["GET"]}}],"collection":[{"href":"http:\/\/875jahrekirchgoens.de\/index.php?rest_route=\/wp\/v2\/posts"}],"about":[{"href":"http:\/\/875jahrekirchgoens.de\/index.php?rest_route=\/wp\/v2\/types\/post"}],"author":[{"embeddable":true,"href":"http:\/\/875jahrekirchgoens.de\/index.php?rest_route=\/wp\/v2\/users\/1"}],"replies":[{"embeddable":true,"href":"http:\/\/875jahrekirchgoens.de\/index.php?rest_route=%2Fwp%2Fv2%2Fcomments&post=17206"}],"version-history":[{"count":1,"href":"http:\/\/875jahrekirchgoens.de\/index.php?rest_route=\/wp\/v2\/posts\/17206\/revisions"}],"predecessor-version":[{"id":17208,"href":"http:\/\/875jahrekirchgoens.de\/index.php?rest_route=\/wp\/v2\/posts\/17206\/revisions\/17208"}],"wp:attachment":[{"href":"http:\/\/875jahrekirchgoens.de\/index.php?rest_route=%2Fwp%2Fv2%2Fmedia&parent=17206"}],"wp:term":[{"taxonomy":"category","embeddable":true,"href":"http:\/\/875jahrekirchgoens.de\/index.php?rest_route=%2Fwp%2Fv2%2Fcategories&post=17206"},{"taxonomy":"post_tag","embeddable":true,"href":"http:\/\/875jahrekirchgoens.de\/index.php?rest_route=%2Fwp%2Fv2%2Ftags&post=17206"}],"curies":[{"name":"wp","href":"https:\/\/api.w.org\/{rel}","templated":true}]}}