{"id":17210,"date":"2014-07-17T10:33:00","date_gmt":"2014-07-17T10:33:00","guid":{"rendered":"https:\/\/875jahrekirchgoens.de\/?p=17210"},"modified":"2025-11-14T10:34:34","modified_gmt":"2025-11-14T10:34:34","slug":"im-magna-park-wird-weiter-gebaut","status":"publish","type":"post","link":"http:\/\/875jahrekirchgoens.de\/?p=17210","title":{"rendered":"Im Magna-Park wird weiter gebaut"},"content":{"rendered":"\n<p><em>Fruchthof und Kosmetik-Verteilung entstehen \/ Butzbach bef\u00fcrwortet Erweiterungsfl\u00e4chen<\/em><\/p>\n\n\n\n<p>Die Entwicklung des Magna-Parks Rhein-Main in Butzbach und Langg\u00f6ns geht weiter. Am Dienstagabend machten sich Mitglieder des Bauausschusse und des Magistrates ein Bild von den aktuellen Entwicklungen auf dem rund 100 Hektar gro\u00dfen ehemaligen amerikanischen Kasernen-Areal. Eigent\u00fcmer Wolfgang Bork und Planer Udo Piske stellten die Entwicklung und aktuelle Projekte vor. Rege Baut\u00e4tigkeit herrscht derzeit auf dem Gel\u00e4nde. Denn Lidl erstellt dort einen so genannten Fruchthof, also eine Halle, in der Obst wie zum Beispiel Bananen reifen. Etwa an der westlichen Seite des Logistikparks gelegen rahmt der Fruchthof mit der bereits er\u00f6ffneten Lidl-Halle im Norden das geplante Hochregallager des Discounters ein. Wann dieses jedoch gebaut wird, ist derzeit noch nicht klar. Fest steht allerdings, dass eine Baugenehmigung f\u00fcr das wegen der Geb\u00e4udeh\u00f6he umstrittene Lager bereits vorliegt. Derzeit geht der Erbauer vom Er\u00f6ffnungstermin 1. Dezember aus. Erste Fundamente sind gelegt. Eine weitere Baustelle, die bereits vorbereitet wir, ist eine Logistikhalle f\u00fcr das Unternehmen Cosnova, das mit den Marken Essence und Catrice so genannte dekorative Kosmetik f\u00fcr die bekannten Drogeriem\u00e4rkte und Superm\u00e4rkte liefert. Diese Halle soll an der Rechtenbacher Stra\u00dfe entstehen, und auf der R\u00fcckseite des Geb\u00e4udes liegt dann noch eine Optionsfl\u00e4che, die sich Cosnova f\u00fcr eventuelle Erweiterungen gesichert hat. Entlang der Stra\u00dfe, die von der Einm\u00fcndung bei Borks Firmensitz in den Magna-Park f\u00fchrt, plant der Fl\u00e4cheneigent\u00fcmer noch eigene Nutzungen. So sind links von der Stra\u00dfe bereits Teile der Aufstellfl\u00e4che f\u00fcr die Sattelzug-Auflieger fertiggestellt. Im hinteren Teil sollen auch noch Schlafst\u00e4tten f\u00fcr Lkw-Fahrer entstehen, die dort \u00fcbernachten. An die Aufstellfl\u00e4che soll sich dann die Werkstatt anschlie\u00dfen, die somit aus Niederkleen an diesen neuen Standort verlegt w\u00fcrde. Neben einer Freifl\u00e4che folgt dann die Cosnova-Halle. Die Kirche des ehemaligen Kasernengel\u00e4ndes bleibt auf jeden Fall erhalten. Das Unternehmen ist im Gespr\u00e4ch mit der Denkmalbeh\u00f6rde, um das Geb\u00e4ude zu sch\u00fctzen. Feiern oder Pr\u00e4sentationen k\u00f6nnten dort beispielweise stattfinden. Eine Erweiterungsfl\u00e4che s\u00fcdlich der Rechtenbacher Stra\u00dfe wurde bereits von der Butzbacher Stadtverordnetenversammlung im Mai auf den Weg gebracht. F\u00fcr die Ausweisung von Gewerbegebiet auf dem Areal wird an anderer Stelle gestrichen. Im Rahmen dieses Verfahrens wird auch die Verbandskammer des Planungsverbandes Frankfurt\/Rhein-Main eingeschaltet. Das von der Stadt beauftragte Planungsb\u00fcro arbeitet laut B\u00fcrgermeister Michael Merle bereits an dem Thema. Wann die Entscheidung f\u00e4llt, lasse sich derzeit nicht vorhersagen. Einen Schub bei der Anzahl der Arbeitspl\u00e4tze im Magna-Park erwartet Bork. Piske sprach von 500 bis 600 Besch\u00e4ftigen im Logistik-Bereich, darunter auch viele B\u00fcro-Arbeitspl\u00e4tze. Viele der Berufst\u00e4tigen k\u00e4men aus der Region, wie an den Autokennzeichen abzulesen sei, freute sich Bork. Dass Arbeitnehmer auch mit dem Bus kommen und weite Wege zu Fu\u00df zur\u00fccklegen m\u00fcssten, daran erinnert der Kirch-G\u00f6nser Ortsvorsteher Stefan Euler (CDU). Er pl\u00e4dierte f\u00fcr eine baldige L\u00f6sung, den Magna-Park besser an den Busverkehr anzubinden.<\/p>\n\n\n<div class=\"wp-block-image\">\n<figure class=\"aligncenter size-full\"><img loading=\"lazy\" decoding=\"async\" width=\"517\" height=\"342\" src=\"https:\/\/875jahrekirchgoens.de\/wp-content\/uploads\/2025\/11\/grafik-161.png\" alt=\"\" class=\"wp-image-17211\" srcset=\"http:\/\/875jahrekirchgoens.de\/wp-content\/uploads\/2025\/11\/grafik-161.png 517w, http:\/\/875jahrekirchgoens.de\/wp-content\/uploads\/2025\/11\/grafik-161-300x198.png 300w\" sizes=\"auto, (max-width: 517px) 100vw, 517px\" \/><\/figure><\/div>\n\n\n<p class=\"has-text-align-center\">Die Grafik zeigt den Magna-Park in Butzbach und Langg\u00f6ns. Das Lidl-Hochregallager in der Bildmitte <br>wird derzeit noch nicht gebaut, auch eine m\u00f6gliche Erweiterung von Bosch rechts unten steht noch aus. <br>Auf der gegen\u00fcberliegenden Stra\u00dfenseite von Werkstatt und Aufstellplatz Bork <br>liegt die Erweiterungsfl\u00e4che, f\u00fcr die die Stadt Butzbach das Verfahren in Gang gesetzt hat.<\/p>\n\n\n\n<p>Quelle und Bild: Butzbacher Zeitung vom 17. Juli 2014<\/p>\n","protected":false},"excerpt":{"rendered":"<p>Fruchthof und Kosmetik-Verteilung entstehen \/ Butzbach bef\u00fcrwortet Erweiterungsfl\u00e4chen Die Entwicklung des Magna-Parks Rhein-Main in Butzbach und Langg\u00f6ns geht weiter. Am Dienstagabend machten sich Mitglieder des Bauausschusse und des Magistrates ein Bild von den aktuellen Entwicklungen auf dem rund 100 Hektar gro\u00dfen ehemaligen amerikanischen Kasernen-Areal. Eigent\u00fcmer Wolfgang Bork und Planer Udo Piske stellten die Entwicklung und &#8230; <a title=\"Im Magna-Park wird weiter gebaut\" class=\"read-more\" href=\"http:\/\/875jahrekirchgoens.de\/?p=17210\" aria-label=\"Mehr Informationen \u00fcber Im Magna-Park wird weiter gebaut\">Weiterlesen<\/a><\/p>\n","protected":false},"author":1,"featured_media":0,"comment_status":"closed","ping_status":"open","sticky":false,"template":"","format":"standard","meta":{"footnotes":""},"categories":[1],"tags":[],"class_list":["post-17210","post","type-post","status-publish","format-standard","hentry","category-infos"],"_links":{"self":[{"href":"http:\/\/875jahrekirchgoens.de\/index.php?rest_route=\/wp\/v2\/posts\/17210","targetHints":{"allow":["GET"]}}],"collection":[{"href":"http:\/\/875jahrekirchgoens.de\/index.php?rest_route=\/wp\/v2\/posts"}],"about":[{"href":"http:\/\/875jahrekirchgoens.de\/index.php?rest_route=\/wp\/v2\/types\/post"}],"author":[{"embeddable":true,"href":"http:\/\/875jahrekirchgoens.de\/index.php?rest_route=\/wp\/v2\/users\/1"}],"replies":[{"embeddable":true,"href":"http:\/\/875jahrekirchgoens.de\/index.php?rest_route=%2Fwp%2Fv2%2Fcomments&post=17210"}],"version-history":[{"count":1,"href":"http:\/\/875jahrekirchgoens.de\/index.php?rest_route=\/wp\/v2\/posts\/17210\/revisions"}],"predecessor-version":[{"id":17212,"href":"http:\/\/875jahrekirchgoens.de\/index.php?rest_route=\/wp\/v2\/posts\/17210\/revisions\/17212"}],"wp:attachment":[{"href":"http:\/\/875jahrekirchgoens.de\/index.php?rest_route=%2Fwp%2Fv2%2Fmedia&parent=17210"}],"wp:term":[{"taxonomy":"category","embeddable":true,"href":"http:\/\/875jahrekirchgoens.de\/index.php?rest_route=%2Fwp%2Fv2%2Fcategories&post=17210"},{"taxonomy":"post_tag","embeddable":true,"href":"http:\/\/875jahrekirchgoens.de\/index.php?rest_route=%2Fwp%2Fv2%2Ftags&post=17210"}],"curies":[{"name":"wp","href":"https:\/\/api.w.org\/{rel}","templated":true}]}}