{"id":17237,"date":"2001-05-09T15:40:00","date_gmt":"2001-05-09T15:40:00","guid":{"rendered":"https:\/\/875jahrekirchgoens.de\/?p=17237"},"modified":"2025-11-14T15:41:57","modified_gmt":"2025-11-14T15:41:57","slug":"peter-braasch-ist-der-neue-ortsvorsteher-in-kirch-goens","status":"publish","type":"post","link":"http:\/\/875jahrekirchgoens.de\/?p=17237","title":{"rendered":"Peter Braasch ist der neue Ortsvorsteher in Kirch-G\u00f6ns"},"content":{"rendered":"\n<p><em>Stellvertreter ist Rolf Schulze \/ Konstituierende Sitzung<\/em><\/p>\n\n\n\n<p>Peter Braasch (CDU) ist neuer Ortsvorsteher in Kirch-G\u00f6ns. Sein Stellvertreter ist Rolf Schulze (SDP). Als Schriftf\u00fchrer fungiert Sebastian Kolb (CDU). Monika Sperzel (SPD) und Stefan Schepp (CDU) komplettieren den Ortsbeirat. In Anwesenheit von B\u00fcrgermeister Oswin Veith und knapp 20 interessierten B\u00fcrgern fand die konstituierende Sitzung des Gremiums im B\u00fcrgerhaus statt. Der Ortsbeirat dankte Rolf Schulze, dem bisherigen Ortsvorsteher, f\u00fcr seine T\u00e4tigkeit. Dieter S\u00f6hngen, von 1989 bis 2011 im Beirat vertreten, erhielt von der Stadt Butzbach eine Ehrenurkunde in Anerkennung der von ihm geleisteten Arbeit. Ebenfalls eine Ehrenurkunde erhielt Helmut R\u00fchl, der seit 1974 im Ortsbeirat vertreten war. Peter Braasch versprach, sich in den kommenden f\u00fcnf Jahren zum Wohle der Kirch-G\u00f6nser einzusetzen. Er lud nach dem offiziellen Teil zu einem Imbiss ein.<\/p>\n\n\n<div class=\"wp-block-image\">\n<figure class=\"aligncenter size-full\"><img loading=\"lazy\" decoding=\"async\" width=\"511\" height=\"290\" src=\"https:\/\/875jahrekirchgoens.de\/wp-content\/uploads\/2025\/11\/grafik-168.png\" alt=\"\" class=\"wp-image-17238\" srcset=\"http:\/\/875jahrekirchgoens.de\/wp-content\/uploads\/2025\/11\/grafik-168.png 511w, http:\/\/875jahrekirchgoens.de\/wp-content\/uploads\/2025\/11\/grafik-168-300x170.png 300w\" sizes=\"auto, (max-width: 511px) 100vw, 511px\" \/><\/figure><\/div>\n\n\n<p class=\"has-text-align-center\">Der neue Kirch-G\u00f6nser Ortsbeirat mit (v. l.) Stefan Schepp, <br>Rolf Schulze (stellvertretender Ortsvorsteher, <br>Peter Braasch (neuer Ortsvorsteher), Monika Sperzel <br>und Sebastian Kolb (Schriftf\u00fchrer). <\/p>\n\n\n\n<p>Quelle und Bild: Butzbacher Zeitung vom 9. Mai 2001<\/p>\n","protected":false},"excerpt":{"rendered":"<p>Stellvertreter ist Rolf Schulze \/ Konstituierende Sitzung Peter Braasch (CDU) ist neuer Ortsvorsteher in Kirch-G\u00f6ns. Sein Stellvertreter ist Rolf Schulze (SDP). Als Schriftf\u00fchrer fungiert Sebastian Kolb (CDU). Monika Sperzel (SPD) und Stefan Schepp (CDU) komplettieren den Ortsbeirat. In Anwesenheit von B\u00fcrgermeister Oswin Veith und knapp 20 interessierten B\u00fcrgern fand die konstituierende Sitzung des Gremiums im &#8230; <a title=\"Peter Braasch ist der neue Ortsvorsteher in Kirch-G\u00f6ns\" class=\"read-more\" href=\"http:\/\/875jahrekirchgoens.de\/?p=17237\" aria-label=\"Mehr Informationen \u00fcber Peter Braasch ist der neue Ortsvorsteher in Kirch-G\u00f6ns\">Weiterlesen<\/a><\/p>\n","protected":false},"author":1,"featured_media":0,"comment_status":"closed","ping_status":"open","sticky":false,"template":"","format":"standard","meta":{"footnotes":""},"categories":[1],"tags":[],"class_list":["post-17237","post","type-post","status-publish","format-standard","hentry","category-infos"],"_links":{"self":[{"href":"http:\/\/875jahrekirchgoens.de\/index.php?rest_route=\/wp\/v2\/posts\/17237","targetHints":{"allow":["GET"]}}],"collection":[{"href":"http:\/\/875jahrekirchgoens.de\/index.php?rest_route=\/wp\/v2\/posts"}],"about":[{"href":"http:\/\/875jahrekirchgoens.de\/index.php?rest_route=\/wp\/v2\/types\/post"}],"author":[{"embeddable":true,"href":"http:\/\/875jahrekirchgoens.de\/index.php?rest_route=\/wp\/v2\/users\/1"}],"replies":[{"embeddable":true,"href":"http:\/\/875jahrekirchgoens.de\/index.php?rest_route=%2Fwp%2Fv2%2Fcomments&post=17237"}],"version-history":[{"count":1,"href":"http:\/\/875jahrekirchgoens.de\/index.php?rest_route=\/wp\/v2\/posts\/17237\/revisions"}],"predecessor-version":[{"id":17239,"href":"http:\/\/875jahrekirchgoens.de\/index.php?rest_route=\/wp\/v2\/posts\/17237\/revisions\/17239"}],"wp:attachment":[{"href":"http:\/\/875jahrekirchgoens.de\/index.php?rest_route=%2Fwp%2Fv2%2Fmedia&parent=17237"}],"wp:term":[{"taxonomy":"category","embeddable":true,"href":"http:\/\/875jahrekirchgoens.de\/index.php?rest_route=%2Fwp%2Fv2%2Fcategories&post=17237"},{"taxonomy":"post_tag","embeddable":true,"href":"http:\/\/875jahrekirchgoens.de\/index.php?rest_route=%2Fwp%2Fv2%2Ftags&post=17237"}],"curies":[{"name":"wp","href":"https:\/\/api.w.org\/{rel}","templated":true}]}}