{"id":17241,"date":"2001-05-28T15:44:00","date_gmt":"2001-05-28T15:44:00","guid":{"rendered":"https:\/\/875jahrekirchgoens.de\/?p=17241"},"modified":"2025-11-14T15:45:33","modified_gmt":"2025-11-14T15:45:33","slug":"kirch-goenser-butterlochskuchen-fuer-ministerpraesident","status":"publish","type":"post","link":"http:\/\/875jahrekirchgoens.de\/?p=17241","title":{"rendered":"Kirch-G\u00f6nser Butterlochskuchen f\u00fcr Ministerpr\u00e4sident"},"content":{"rendered":"\n<figure class=\"wp-block-image size-full\"><img loading=\"lazy\" decoding=\"async\" width=\"1023\" height=\"353\" src=\"https:\/\/875jahrekirchgoens.de\/wp-content\/uploads\/2025\/11\/grafik-169.png\" alt=\"\" class=\"wp-image-17242\" srcset=\"http:\/\/875jahrekirchgoens.de\/wp-content\/uploads\/2025\/11\/grafik-169.png 1023w, http:\/\/875jahrekirchgoens.de\/wp-content\/uploads\/2025\/11\/grafik-169-300x104.png 300w, http:\/\/875jahrekirchgoens.de\/wp-content\/uploads\/2025\/11\/grafik-169-768x265.png 768w\" sizes=\"auto, (max-width: 1023px) 100vw, 1023px\" \/><\/figure>\n\n\n\n<figure class=\"wp-block-image size-full\"><img loading=\"lazy\" decoding=\"async\" width=\"1024\" height=\"300\" src=\"https:\/\/875jahrekirchgoens.de\/wp-content\/uploads\/2025\/11\/grafik-170.png\" alt=\"\" class=\"wp-image-17243\" srcset=\"http:\/\/875jahrekirchgoens.de\/wp-content\/uploads\/2025\/11\/grafik-170.png 1024w, http:\/\/875jahrekirchgoens.de\/wp-content\/uploads\/2025\/11\/grafik-170-300x88.png 300w, http:\/\/875jahrekirchgoens.de\/wp-content\/uploads\/2025\/11\/grafik-170-768x225.png 768w\" sizes=\"auto, (max-width: 1024px) 100vw, 1024px\" \/><\/figure>\n\n\n\n<p>Beim 41. Hessentag in Dietzenbach war am gestrigen Sonntag beim gro\u00dfen Festzug nach Butzbach wieder bestens vertreten. Da konnte sich Ministerpr\u00e4sident Roland Koch \u00fcber Butterlochskuchen vom Heimat- und Backhausverein 1982 Kirch-G\u00f6ns freuen (o. r.). Gemeinsam mit der Trachtengruppe aus Kirch-G\u00f6ns (o. l.) war auch wieder das Landgrafenschloss des Landgrafen Philipp von Hessen-Butzbach 1609 \u2013 1643 mit Marktbrunnen und Rathaus dabei. Bei dem insgesamt 187 Zugnummern z\u00e4hlenden Festzug, den rund 100 000 Zuschauer an der Strecke durch die Hessentagstadt verfolgten, wurde die Abordnung des Wetteraukreises von der Rosenk\u00f6nigin Julia aus Steinfurth angef\u00fchrt (u. l.). Ebenfalls dabei waren auch der Landfrauenverein Ober-W\u00f6llstadt und aus Glauburg der \u201eKeltenf\u00fcrst und sein Gefolge\u201c.<\/p>\n\n\n\n<p>Quelle und Bilder: Butzbacher Zeitung vom 28. Mai 2001<\/p>\n","protected":false},"excerpt":{"rendered":"<p>Beim 41. Hessentag in Dietzenbach war am gestrigen Sonntag beim gro\u00dfen Festzug nach Butzbach wieder bestens vertreten. Da konnte sich Ministerpr\u00e4sident Roland Koch \u00fcber Butterlochskuchen vom Heimat- und Backhausverein 1982 Kirch-G\u00f6ns freuen (o. r.). Gemeinsam mit der Trachtengruppe aus Kirch-G\u00f6ns (o. l.) war auch wieder das Landgrafenschloss des Landgrafen Philipp von Hessen-Butzbach 1609 \u2013 1643 &#8230; <a title=\"Kirch-G\u00f6nser Butterlochskuchen f\u00fcr Ministerpr\u00e4sident\" class=\"read-more\" href=\"http:\/\/875jahrekirchgoens.de\/?p=17241\" aria-label=\"Mehr Informationen \u00fcber Kirch-G\u00f6nser Butterlochskuchen f\u00fcr Ministerpr\u00e4sident\">Weiterlesen<\/a><\/p>\n","protected":false},"author":1,"featured_media":0,"comment_status":"closed","ping_status":"open","sticky":false,"template":"","format":"standard","meta":{"footnotes":""},"categories":[1],"tags":[],"class_list":["post-17241","post","type-post","status-publish","format-standard","hentry","category-infos"],"_links":{"self":[{"href":"http:\/\/875jahrekirchgoens.de\/index.php?rest_route=\/wp\/v2\/posts\/17241","targetHints":{"allow":["GET"]}}],"collection":[{"href":"http:\/\/875jahrekirchgoens.de\/index.php?rest_route=\/wp\/v2\/posts"}],"about":[{"href":"http:\/\/875jahrekirchgoens.de\/index.php?rest_route=\/wp\/v2\/types\/post"}],"author":[{"embeddable":true,"href":"http:\/\/875jahrekirchgoens.de\/index.php?rest_route=\/wp\/v2\/users\/1"}],"replies":[{"embeddable":true,"href":"http:\/\/875jahrekirchgoens.de\/index.php?rest_route=%2Fwp%2Fv2%2Fcomments&post=17241"}],"version-history":[{"count":1,"href":"http:\/\/875jahrekirchgoens.de\/index.php?rest_route=\/wp\/v2\/posts\/17241\/revisions"}],"predecessor-version":[{"id":17244,"href":"http:\/\/875jahrekirchgoens.de\/index.php?rest_route=\/wp\/v2\/posts\/17241\/revisions\/17244"}],"wp:attachment":[{"href":"http:\/\/875jahrekirchgoens.de\/index.php?rest_route=%2Fwp%2Fv2%2Fmedia&parent=17241"}],"wp:term":[{"taxonomy":"category","embeddable":true,"href":"http:\/\/875jahrekirchgoens.de\/index.php?rest_route=%2Fwp%2Fv2%2Fcategories&post=17241"},{"taxonomy":"post_tag","embeddable":true,"href":"http:\/\/875jahrekirchgoens.de\/index.php?rest_route=%2Fwp%2Fv2%2Ftags&post=17241"}],"curies":[{"name":"wp","href":"https:\/\/api.w.org\/{rel}","templated":true}]}}