{"id":17254,"date":"2001-06-10T15:53:00","date_gmt":"2001-06-10T15:53:00","guid":{"rendered":"https:\/\/875jahrekirchgoens.de\/?p=17254"},"modified":"2025-11-14T15:54:54","modified_gmt":"2025-11-14T15:54:54","slug":"im-hessenpark","status":"publish","type":"post","link":"http:\/\/875jahrekirchgoens.de\/?p=17254","title":{"rendered":"Im Hessenpark \u2026"},"content":{"rendered":"<div class=\"wp-block-image\">\n<figure class=\"aligncenter size-full\"><img loading=\"lazy\" decoding=\"async\" width=\"512\" height=\"360\" src=\"https:\/\/875jahrekirchgoens.de\/wp-content\/uploads\/2025\/11\/grafik-173.png\" alt=\"\" class=\"wp-image-17255\" srcset=\"http:\/\/875jahrekirchgoens.de\/wp-content\/uploads\/2025\/11\/grafik-173.png 512w, http:\/\/875jahrekirchgoens.de\/wp-content\/uploads\/2025\/11\/grafik-173-300x211.png 300w\" sizes=\"auto, (max-width: 512px) 100vw, 512px\" \/><\/figure><\/div>\n\n\n<p>\u2026 feierte am 9. und 10. Juni 2001, die Hessische Vereinigung f\u00fcr Tanz- und Trachtengruppen ihr 50-j\u00e4hriges Jubil\u00e4um. Mit dabei war auch die Trachtengruppe des Heimat- und Backhausvereins Kirch-G\u00f6ns, die hier bei einer Kaffeepause fotografiert wurde. An beiden Tagen waren rund 60 Tanzgruppen aus ganz Hessen mit dabei. <\/p>\n\n\n\n<p>Quelle und Bild: Heimat- und Backhausverein<\/p>\n\n\n\n<p><\/p>\n","protected":false},"excerpt":{"rendered":"<p>\u2026 feierte am 9. und 10. Juni 2001, die Hessische Vereinigung f\u00fcr Tanz- und Trachtengruppen ihr 50-j\u00e4hriges Jubil\u00e4um. Mit dabei war auch die Trachtengruppe des Heimat- und Backhausvereins Kirch-G\u00f6ns, die hier bei einer Kaffeepause fotografiert wurde. An beiden Tagen waren rund 60 Tanzgruppen aus ganz Hessen mit dabei. Quelle und Bild: Heimat- und Backhausverein<\/p>\n","protected":false},"author":1,"featured_media":0,"comment_status":"closed","ping_status":"open","sticky":false,"template":"","format":"standard","meta":{"footnotes":""},"categories":[1],"tags":[],"class_list":["post-17254","post","type-post","status-publish","format-standard","hentry","category-infos"],"_links":{"self":[{"href":"http:\/\/875jahrekirchgoens.de\/index.php?rest_route=\/wp\/v2\/posts\/17254","targetHints":{"allow":["GET"]}}],"collection":[{"href":"http:\/\/875jahrekirchgoens.de\/index.php?rest_route=\/wp\/v2\/posts"}],"about":[{"href":"http:\/\/875jahrekirchgoens.de\/index.php?rest_route=\/wp\/v2\/types\/post"}],"author":[{"embeddable":true,"href":"http:\/\/875jahrekirchgoens.de\/index.php?rest_route=\/wp\/v2\/users\/1"}],"replies":[{"embeddable":true,"href":"http:\/\/875jahrekirchgoens.de\/index.php?rest_route=%2Fwp%2Fv2%2Fcomments&post=17254"}],"version-history":[{"count":1,"href":"http:\/\/875jahrekirchgoens.de\/index.php?rest_route=\/wp\/v2\/posts\/17254\/revisions"}],"predecessor-version":[{"id":17256,"href":"http:\/\/875jahrekirchgoens.de\/index.php?rest_route=\/wp\/v2\/posts\/17254\/revisions\/17256"}],"wp:attachment":[{"href":"http:\/\/875jahrekirchgoens.de\/index.php?rest_route=%2Fwp%2Fv2%2Fmedia&parent=17254"}],"wp:term":[{"taxonomy":"category","embeddable":true,"href":"http:\/\/875jahrekirchgoens.de\/index.php?rest_route=%2Fwp%2Fv2%2Fcategories&post=17254"},{"taxonomy":"post_tag","embeddable":true,"href":"http:\/\/875jahrekirchgoens.de\/index.php?rest_route=%2Fwp%2Fv2%2Ftags&post=17254"}],"curies":[{"name":"wp","href":"https:\/\/api.w.org\/{rel}","templated":true}]}}