{"id":17265,"date":"2001-10-15T16:04:00","date_gmt":"2001-10-15T16:04:00","guid":{"rendered":"https:\/\/875jahrekirchgoens.de\/?p=17265"},"modified":"2025-11-14T16:05:28","modified_gmt":"2025-11-14T16:05:28","slug":"kirch-goenser-jugend-tanzte-in-ungarn","status":"publish","type":"post","link":"http:\/\/875jahrekirchgoens.de\/?p=17265","title":{"rendered":"Kirch-G\u00f6nser Jugend tanzte in Ungarn"},"content":{"rendered":"\n<p><em>Nachwuchs des Heimat- und Backhausvereins verlebte unvergessliche Tage<\/em><\/p>\n\n\n\n<p>Eine ereignisreiche Fahrt nach Ungarn unternahm die Jugendgruppe des Kirch-G\u00f6nser Heimat- und Backhausvereins. Dabei wurden unvergessliche Eindr\u00fccke von Land und Leuten gewonnen. Die Kirch-G\u00f6nser Jugendlichen gingen per Bus zusammen mit der Jugendgruppe der evangelischen Kirchengemeinde Annerod, zu der seit einiger Zeit eine enge Verbindung besteht, sowie mit den \u201eOwerhessische Mussigm\u00e4cher\u201c (junge Musiker aus Pohl-G\u00f6ns und Buseck) auf gro\u00dfe Ungarnfahrt. Ziel war die Stadt Tahit\u00f3tfalu direkt am Donauknie, circa 35 Km von Budapest entfernt. Unterkunft fanden die Jugendlichen in einem so genannten Selbstversorgerhaus der Stadt. Die beiden Tanzgruppen hatten zusammen mit den Musikern drei Auftritte vor Einheimischen. Der erste Auftritt war im Kulturhaus von Nagykata, der zweite mit dem sorgf\u00e4ltig einstudierten Programm in einer Schulze in Paszto. Gastgeber waren an beiden Tagen ungarische Jugendtanzgruppen, die sich ebenfalls mit Volkst\u00e4nzen vorstellten. Jeweils zum Abschluss der Auff\u00fchrungen wurden gemeinsame T\u00e4nze beider Nationen ausprobiert. Der dritte Auftritt fand in einem Seniorenheim in Tat statt. Es war schon ein besonderes Gef\u00fchl f\u00fcr die Teilnehmer, die erfreuten Gesichter der Heimbewohner zu sehen, die der Auff\u00fchrung stark applaudierten. Bei allen Veranstaltungen wurden die Tanzgruppen und die Musiker mit gro\u00dfer Herzlichkeit empfangen, die sie in dieser Form noch nicht hatten und die alle erfreute. Neben den Auftritten standen verschiedene Besuche auf dem Programm. Nat\u00fcrlich wurde in der ungarischen Hauptstadt Budapest mit ihren zwei Millionen Einwohnern eine Stadtrundfahrt unternommen, die an die markanten Punkte der Metropole f\u00fchrte, die im Mittelalter mit ihren Stadtteilen Buda (Ofen) und Pest als deutsche Stadtgemeinden entstand. Das Burgviertel mit der weltber\u00fchmten Fischerbastei und die Uferzone an der Donau mit ihren Regierungsgeb\u00e4uden sind Weltkulturerbe. In weiten Teilen der Gro\u00dfstadt sind alte Geb\u00e4ude und Denkm\u00e4ler bestens erhalten und gepflegt. Beeindruckend war u. a. die riesige Heldenplatzmitten in Budaspest mit seinem Milleniumsdenkmal, das neben anderen den ungarischen Nationalhelden Janos Hunyadi zeigt. Auch ein Freizeitpark und ein Thermalfreibad wurden mit gro\u00dfem Vergn\u00fcgen von den Jugendlichen besucht. Einen herrlichen und unvergesslichen Ausblick \u00fcber das gesamte Donauknie hatten die Jugendlichen bei ihrem Besuch der Burg von Visegr\u00e1d, die direkt an der Donau steht. In gruseliger Erinnerung bleiben wird aber auch das in der Burg untergebrachte Foltermuseum. Ausgiebig genutzt wurde eine Sommerrodelbahn in der Nahe der Burg Visegr\u00e1d. Ein weiterer Ausflug galt den K\u00fcnstlerst\u00e4dtchen Szentendre mit seinen T\u00f6pfer- und Marzipanmuseum. Hier deckten sich die Jugendlichen mit den letzten Mitbringseln und Andenken an ihre Ungarnfahrt ein, die viel zu schnell zu Ende ging. Auf der Heimreise wurde in Wien ein Stopp eingelegt. Im Prater wurde die M\u00f6glichkeit genutzt, einmal mit dem weltbekannten Riesenrad eine Runde zu drehen. V\u00f6llig ersch\u00f6pft kamen die Jugendlichen nach langer Fahrt daheim an, aber voll neuer und unvergesslicher Eindr\u00fccke.<\/p>\n\n\n<div class=\"wp-block-image\">\n<figure class=\"aligncenter size-full\"><img loading=\"lazy\" decoding=\"async\" width=\"512\" height=\"348\" src=\"https:\/\/875jahrekirchgoens.de\/wp-content\/uploads\/2025\/11\/grafik-175.png\" alt=\"\" class=\"wp-image-17266\" srcset=\"http:\/\/875jahrekirchgoens.de\/wp-content\/uploads\/2025\/11\/grafik-175.png 512w, http:\/\/875jahrekirchgoens.de\/wp-content\/uploads\/2025\/11\/grafik-175-300x204.png 300w\" sizes=\"auto, (max-width: 512px) 100vw, 512px\" \/><\/figure><\/div>\n\n\n<p class=\"has-text-align-center\">Die Kirch-G\u00f6nser und Anner\u00f6der Trachtentanzgruppe vor ihrer Unterkunft in Tahit\u00f3tfalu. <\/p>\n\n\n\n<p>Quelle und Bild: Butzbacher Zeitung \/ im Oktober 2001<\/p>\n","protected":false},"excerpt":{"rendered":"<p>Nachwuchs des Heimat- und Backhausvereins verlebte unvergessliche Tage Eine ereignisreiche Fahrt nach Ungarn unternahm die Jugendgruppe des Kirch-G\u00f6nser Heimat- und Backhausvereins. Dabei wurden unvergessliche Eindr\u00fccke von Land und Leuten gewonnen. Die Kirch-G\u00f6nser Jugendlichen gingen per Bus zusammen mit der Jugendgruppe der evangelischen Kirchengemeinde Annerod, zu der seit einiger Zeit eine enge Verbindung besteht, sowie mit &#8230; <a title=\"Kirch-G\u00f6nser Jugend tanzte in Ungarn\" class=\"read-more\" href=\"http:\/\/875jahrekirchgoens.de\/?p=17265\" aria-label=\"Mehr Informationen \u00fcber Kirch-G\u00f6nser Jugend tanzte in Ungarn\">Weiterlesen<\/a><\/p>\n","protected":false},"author":1,"featured_media":0,"comment_status":"closed","ping_status":"open","sticky":false,"template":"","format":"standard","meta":{"footnotes":""},"categories":[1],"tags":[],"class_list":["post-17265","post","type-post","status-publish","format-standard","hentry","category-infos"],"_links":{"self":[{"href":"http:\/\/875jahrekirchgoens.de\/index.php?rest_route=\/wp\/v2\/posts\/17265","targetHints":{"allow":["GET"]}}],"collection":[{"href":"http:\/\/875jahrekirchgoens.de\/index.php?rest_route=\/wp\/v2\/posts"}],"about":[{"href":"http:\/\/875jahrekirchgoens.de\/index.php?rest_route=\/wp\/v2\/types\/post"}],"author":[{"embeddable":true,"href":"http:\/\/875jahrekirchgoens.de\/index.php?rest_route=\/wp\/v2\/users\/1"}],"replies":[{"embeddable":true,"href":"http:\/\/875jahrekirchgoens.de\/index.php?rest_route=%2Fwp%2Fv2%2Fcomments&post=17265"}],"version-history":[{"count":1,"href":"http:\/\/875jahrekirchgoens.de\/index.php?rest_route=\/wp\/v2\/posts\/17265\/revisions"}],"predecessor-version":[{"id":17267,"href":"http:\/\/875jahrekirchgoens.de\/index.php?rest_route=\/wp\/v2\/posts\/17265\/revisions\/17267"}],"wp:attachment":[{"href":"http:\/\/875jahrekirchgoens.de\/index.php?rest_route=%2Fwp%2Fv2%2Fmedia&parent=17265"}],"wp:term":[{"taxonomy":"category","embeddable":true,"href":"http:\/\/875jahrekirchgoens.de\/index.php?rest_route=%2Fwp%2Fv2%2Fcategories&post=17265"},{"taxonomy":"post_tag","embeddable":true,"href":"http:\/\/875jahrekirchgoens.de\/index.php?rest_route=%2Fwp%2Fv2%2Ftags&post=17265"}],"curies":[{"name":"wp","href":"https:\/\/api.w.org\/{rel}","templated":true}]}}