{"id":17269,"date":"2014-05-15T19:00:00","date_gmt":"2014-05-15T19:00:00","guid":{"rendered":"https:\/\/875jahrekirchgoens.de\/?p=17269"},"modified":"2025-11-15T19:01:07","modified_gmt":"2025-11-15T19:01:07","slug":"der-kaiser-machte-mit-dem-auto-station","status":"publish","type":"post","link":"http:\/\/875jahrekirchgoens.de\/?p=17269","title":{"rendered":"Der Kaiser machte mit dem Auto Station"},"content":{"rendered":"\n<p><em>Ausstellungser\u00f6ffnung \u201eKirch-G\u00f6ns im Wandel der Zeit\u201c Thema im Butzbacher Museum<\/em><\/p>\n\n\n\n<p>Das ihr Dorf etwas ganz Besonderes ist, dass wussten die Kirch-G\u00f6nser irgendwie schon immer. Doch jetzt ist es auch offiziell: Arch\u00e4ologin Gail Schunk hatte in Zusammenarbeit mit dem Butzbacher Museum, dem Geschichtsverein f\u00fcr Butzbach und Umgebung sowie dem F\u00f6rderkreis des Museums eine Ausstellung zum heutigen Butzbacher Stadtteil zusammengestellt, die am Dienstag unter dem Titel er\u00f6ffnet wurde und von \u201eKirch-G\u00f6ns im Wandel der Zeit\u201c, welches parallel von weiteren Veranstaltungen im Sommer begleitet wird. Gestartet war die Reihe um Kirch-G\u00f6ns bereits Ende April. Bei einer Ortsf\u00fchrung kl\u00e4rten Schmunk, Museumsleiter Dr. Dieter Wolf und der Kirch-G\u00f6nser Heimat- und Backhausverein \u00fcber die neuesten wissenschaftlichen Erkenntnisse der momentan laufenden Forschungsarbeiten auf. Erster Stadtrat Manfred Sch\u00fctz w\u00fcrdigte die Arbeit der Arch\u00e4ologin und ihren Kollegen. Sie habe bewiesen, dass Dorfgeschichte weit mehr sei, als nur eine Randnotiz. F\u00fcr Sch\u00fctze spielte gerade bei der Aufbereitung der Fakten das Butzbacher Museum eine gro\u00dfe Rolle. Es sei abermals deutlich gemacht worden, dass das Museum nicht nur Themen f\u00fcr die Kernstadt offerierte, sondern in seinem Angebot deutlich breiter aufgestellt sei. Neben einem gro\u00dfen Dank an die Familie Schunk richtet Wolf auch mahnende Worte an die Gekommenen. Damit das Museum und die dort gef\u00fchrten Archive auch weiterhin ihre Legitimation behalten, bed\u00fcrfe es mehr Zuspruch aus der Bev\u00f6lkerung. Deshalb appellierte Wolf eindringlich, sowohl die Ausstellung als auch die angebotenen F\u00fchrungen und Vortr\u00e4ge zahlreich zu besuchen. \u201eEs ist eine sch\u00f6ne Ausstellung geworden!\u201c, stellte der Museumsleiter fest. Zu sehen sind vor allem Fotos, Trachten und Ausgrabungsfunde. Letzterer seien in der Ausstellung jedoch in der Unterzahl: Denn nicht alle der wenigen Funde konnten so aufbereitet werden, dass es f\u00fcr die Vitrinen gereicht h\u00e4tte. Auch der Kirch-G\u00f6nser Ortsvorsteher Stefan Euler war \u00fcber die neuesten Erkenntnisse mehr als erstaunt. F\u00fcr ihn sei die Arbeit des Museums sehr bedeutend. Zu den Bef\u00fcrchtungen von Wolf sagt er: \u201eF\u00fcr mich ist die Ausstellung Legitimation genug\u201c. Neben den vielen informativen und interessanten Details, sei es durchaus faszinierend, Neues \u00fcber die eigene Dorfgeschichte zu erfahren. Dadurch k\u00f6nne man mehr \u00fcber die eigene Geschichte und Kultur lernen. Auch an den Kirch-G\u00f6nser Chor, der die Er\u00f6ffnung musikalisch begleitete, richtete Euler Dankesworte. Udo Zitzer vom F\u00f6rderkreis schloss sich den Dankesworten an: Man sei sehr stolz darauf, die Forschungsarbeiten und vor allem die Ausstellung finanziell unterst\u00fctzen zu d\u00fcrfen. Er verbinde Kirch-G\u00f6ns vor allem aber mit drei Daten: 15. Dezember 1902, 1. Mai 1906 und 12. Februar 1915. Im Dezember sei die Haltestelle der Main-Wester-Bahn er\u00f6ffnet worden und ersparte somit den Dorfbewohnern einen langen Fu\u00dfmarsch nach Butzbach beziehungsweise Gie\u00dfen. Rund vier Jahre sp\u00e4ter sei \u00fcberdies Kaiser Wilhelm II am 1. Mai 1906 auf einen Abstecher mit seinem \u201eAutomobil\u201c in die Ortschaft gekommen. Damals sollten die B\u00fcrger in ihrer H\u00fcttenberger Tracht den Kaiser empfangen haben. Das muss fantastisch ausgesehen haben\u201c so Zitzer. Und im Februar 1915 sei in Kirch-G\u00f6ns das erste elektrische Licht eingeschaltet worden. F\u00fcr Gail Schunk war die Forschungsarbeit eine ganz besondere Herzenssache, verriet sie vor der Er\u00f6ffnung der Ausstellung. Sie habe sich schon fr\u00fch f\u00fcr \u201eDorfgeschichte\u201c interessiert. Den Begriff \u201eDorf\u201c verbinde sich vor allem mit \u201eGemeinschaft\u201c. Ihre erste Begegnung mit \u201eDorfgeschichte\u201c machte Schunk w\u00e4hrend Studien zu Nieder-Weisel. Diese \u201eeigenwillige Ortschaft\u201c habe sie fasziniert: Denn hier wurde ganz klar mit dem F\u00fcrsten verhandelt. Und zwar nicht um irgendwelche und unbedeutende Themen, sondern \u00fcber die eigenen Rechte Schunk hoffte, auch noch in den anderen Butzbacher Ortschaften \u00e4hnlich \u201eKurioses\u201c zu finden. Und die Butzbacher haben sie nicht entt\u00e4uscht. \u201eDie D\u00f6rfer hier haben Power, nicht so wie im Taunus\u201c, scherzte die Arch\u00e4ologin. Derzeit sei man noch am Anfang der Kirch-G\u00f6nser Forschungsarbeiten. Gleichwohl habe man schon viel Neues herausgefunden. Die Daten m\u00fcssten nun sorgf\u00e4ltig ausgewertet werden. Nichtsdestotrotz stand am Dienstagabend fest: Die Kirch-G\u00f6nser sind ein einmaliges V\u00f6lkchen. Selbstbewusst, flei\u00dfig, wohlhabend und irgendwie auch ein bisschen durchdrungen mit Bauernschl\u00e4ue. Bis zum 9. Juni ist die Sonderausstellung zu besichtigen. Weitere Butzbacher Ortsteile sollen in Zukunft folgen.<\/p>\n\n\n\n<figure class=\"wp-block-image size-full\"><img loading=\"lazy\" decoding=\"async\" width=\"1024\" height=\"322\" src=\"https:\/\/875jahrekirchgoens.de\/wp-content\/uploads\/2025\/11\/grafik-176.png\" alt=\"\" class=\"wp-image-17270\" srcset=\"http:\/\/875jahrekirchgoens.de\/wp-content\/uploads\/2025\/11\/grafik-176.png 1024w, http:\/\/875jahrekirchgoens.de\/wp-content\/uploads\/2025\/11\/grafik-176-300x94.png 300w, http:\/\/875jahrekirchgoens.de\/wp-content\/uploads\/2025\/11\/grafik-176-768x242.png 768w\" sizes=\"auto, (max-width: 1024px) 100vw, 1024px\" \/><\/figure>\n\n\n\n<p>Die Kirch-G\u00f6nser lassen sich eine Ausstellung \u00fcber ihren Ort                                               Teilweise noch aus der R\u00f6merzeit stammen<br>nicht entgehen.                                                                                                                                                               manche der wenigen arch\u00e4ologischen Funde.<\/p>\n\n\n\n<p>Quelle und Bilder: Butzbacher Zeitung vom 15. Mai 2014<\/p>\n","protected":false},"excerpt":{"rendered":"<p>Ausstellungser\u00f6ffnung \u201eKirch-G\u00f6ns im Wandel der Zeit\u201c Thema im Butzbacher Museum Das ihr Dorf etwas ganz Besonderes ist, dass wussten die Kirch-G\u00f6nser irgendwie schon immer. Doch jetzt ist es auch offiziell: Arch\u00e4ologin Gail Schunk hatte in Zusammenarbeit mit dem Butzbacher Museum, dem Geschichtsverein f\u00fcr Butzbach und Umgebung sowie dem F\u00f6rderkreis des Museums eine Ausstellung zum heutigen &#8230; <a title=\"Der Kaiser machte mit dem Auto Station\" class=\"read-more\" href=\"http:\/\/875jahrekirchgoens.de\/?p=17269\" aria-label=\"Mehr Informationen \u00fcber Der Kaiser machte mit dem Auto Station\">Weiterlesen<\/a><\/p>\n","protected":false},"author":1,"featured_media":0,"comment_status":"closed","ping_status":"open","sticky":false,"template":"","format":"standard","meta":{"footnotes":""},"categories":[1],"tags":[],"class_list":["post-17269","post","type-post","status-publish","format-standard","hentry","category-infos"],"_links":{"self":[{"href":"http:\/\/875jahrekirchgoens.de\/index.php?rest_route=\/wp\/v2\/posts\/17269","targetHints":{"allow":["GET"]}}],"collection":[{"href":"http:\/\/875jahrekirchgoens.de\/index.php?rest_route=\/wp\/v2\/posts"}],"about":[{"href":"http:\/\/875jahrekirchgoens.de\/index.php?rest_route=\/wp\/v2\/types\/post"}],"author":[{"embeddable":true,"href":"http:\/\/875jahrekirchgoens.de\/index.php?rest_route=\/wp\/v2\/users\/1"}],"replies":[{"embeddable":true,"href":"http:\/\/875jahrekirchgoens.de\/index.php?rest_route=%2Fwp%2Fv2%2Fcomments&post=17269"}],"version-history":[{"count":1,"href":"http:\/\/875jahrekirchgoens.de\/index.php?rest_route=\/wp\/v2\/posts\/17269\/revisions"}],"predecessor-version":[{"id":17271,"href":"http:\/\/875jahrekirchgoens.de\/index.php?rest_route=\/wp\/v2\/posts\/17269\/revisions\/17271"}],"wp:attachment":[{"href":"http:\/\/875jahrekirchgoens.de\/index.php?rest_route=%2Fwp%2Fv2%2Fmedia&parent=17269"}],"wp:term":[{"taxonomy":"category","embeddable":true,"href":"http:\/\/875jahrekirchgoens.de\/index.php?rest_route=%2Fwp%2Fv2%2Fcategories&post=17269"},{"taxonomy":"post_tag","embeddable":true,"href":"http:\/\/875jahrekirchgoens.de\/index.php?rest_route=%2Fwp%2Fv2%2Ftags&post=17269"}],"curies":[{"name":"wp","href":"https:\/\/api.w.org\/{rel}","templated":true}]}}