{"id":17273,"date":"2014-05-07T19:05:00","date_gmt":"2014-05-07T19:05:00","guid":{"rendered":"https:\/\/875jahrekirchgoens.de\/?p=17273"},"modified":"2025-11-15T19:06:51","modified_gmt":"2025-11-15T19:06:51","slug":"die-ausstellung-kirch-goens","status":"publish","type":"post","link":"http:\/\/875jahrekirchgoens.de\/?p=17273","title":{"rendered":"Die Ausstellung \u201eKirch-G\u00f6ns \u2026"},"content":{"rendered":"\n<figure class=\"wp-block-image size-full\"><img loading=\"lazy\" decoding=\"async\" width=\"1024\" height=\"375\" src=\"https:\/\/875jahrekirchgoens.de\/wp-content\/uploads\/2025\/11\/grafik-177.png\" alt=\"\" class=\"wp-image-17274\" srcset=\"http:\/\/875jahrekirchgoens.de\/wp-content\/uploads\/2025\/11\/grafik-177.png 1024w, http:\/\/875jahrekirchgoens.de\/wp-content\/uploads\/2025\/11\/grafik-177-300x110.png 300w, http:\/\/875jahrekirchgoens.de\/wp-content\/uploads\/2025\/11\/grafik-177-768x281.png 768w\" sizes=\"auto, (max-width: 1024px) 100vw, 1024px\" \/><\/figure>\n\n\n\n<p>\u2026 im Wandel der Zeit\u201c wird n\u00e4chster Woche, 13. Mai, um 19.00 Uhr im Butzbacher Museum er\u00f6ffnet. Der gemischte Chor wird die Er\u00f6ffnungsfeier musikalisch umrahmen. Mitglieder des Butzbacher Geschichtsvereins und des Museums-F\u00f6rdervereins bereiten zu Zeit die Ausstellung vor. (siehe Bilder).<\/p>\n\n\n\n<p>Quelle und Bilder: Butzbacher Zeitung vom 7. Mai 2014<\/p>\n","protected":false},"excerpt":{"rendered":"<p>\u2026 im Wandel der Zeit\u201c wird n\u00e4chster Woche, 13. Mai, um 19.00 Uhr im Butzbacher Museum er\u00f6ffnet. Der gemischte Chor wird die Er\u00f6ffnungsfeier musikalisch umrahmen. Mitglieder des Butzbacher Geschichtsvereins und des Museums-F\u00f6rdervereins bereiten zu Zeit die Ausstellung vor. (siehe Bilder). Quelle und Bilder: Butzbacher Zeitung vom 7. Mai 2014<\/p>\n","protected":false},"author":1,"featured_media":0,"comment_status":"closed","ping_status":"open","sticky":false,"template":"","format":"standard","meta":{"footnotes":""},"categories":[1],"tags":[],"class_list":["post-17273","post","type-post","status-publish","format-standard","hentry","category-infos"],"_links":{"self":[{"href":"http:\/\/875jahrekirchgoens.de\/index.php?rest_route=\/wp\/v2\/posts\/17273","targetHints":{"allow":["GET"]}}],"collection":[{"href":"http:\/\/875jahrekirchgoens.de\/index.php?rest_route=\/wp\/v2\/posts"}],"about":[{"href":"http:\/\/875jahrekirchgoens.de\/index.php?rest_route=\/wp\/v2\/types\/post"}],"author":[{"embeddable":true,"href":"http:\/\/875jahrekirchgoens.de\/index.php?rest_route=\/wp\/v2\/users\/1"}],"replies":[{"embeddable":true,"href":"http:\/\/875jahrekirchgoens.de\/index.php?rest_route=%2Fwp%2Fv2%2Fcomments&post=17273"}],"version-history":[{"count":1,"href":"http:\/\/875jahrekirchgoens.de\/index.php?rest_route=\/wp\/v2\/posts\/17273\/revisions"}],"predecessor-version":[{"id":17275,"href":"http:\/\/875jahrekirchgoens.de\/index.php?rest_route=\/wp\/v2\/posts\/17273\/revisions\/17275"}],"wp:attachment":[{"href":"http:\/\/875jahrekirchgoens.de\/index.php?rest_route=%2Fwp%2Fv2%2Fmedia&parent=17273"}],"wp:term":[{"taxonomy":"category","embeddable":true,"href":"http:\/\/875jahrekirchgoens.de\/index.php?rest_route=%2Fwp%2Fv2%2Fcategories&post=17273"},{"taxonomy":"post_tag","embeddable":true,"href":"http:\/\/875jahrekirchgoens.de\/index.php?rest_route=%2Fwp%2Fv2%2Ftags&post=17273"}],"curies":[{"name":"wp","href":"https:\/\/api.w.org\/{rel}","templated":true}]}}